{"id":1251,"date":"2022-05-30T18:10:53","date_gmt":"2022-05-30T16:10:53","guid":{"rendered":"https:\/\/pasjeoli.pl\/?p=1251"},"modified":"2022-05-30T18:18:04","modified_gmt":"2022-05-30T16:18:04","slug":"o-jaskiniowcu-ktory-podrozowal-w-czasie-terry-pratchett","status":"publish","type":"post","link":"https:\/\/pasjeoli.pl\/index.php\/2022\/05\/30\/o-jaskiniowcu-ktory-podrozowal-w-czasie-terry-pratchett\/","title":{"rendered":"O jaskiniowcu, kt\u00f3ry podr\u00f3\u017cowa\u0142 w czasie &#8211; Terry Pratchett"},"content":{"rendered":"\n<p>44\/2022 <strong>&#8222;O jaskiniowcu, kt\u00f3ry podr\u00f3\u017cowa\u0142 w czasie&#8221; <em>Terry Pratchett<\/em><\/strong><\/p>\n\n\n\n<p>T\u0142umaczenie: Maria Smulewska<\/p>\n\n\n\n<p>&#8222;O jaskiniowcu, kt\u00f3ry podr\u00f3\u017cowa\u0142 w czasie&#8221; to zbi\u00f3r opowiada\u0144. Kiedy autor by\u0142 bardzo m\u0142odym cz\u0142owiekiem, pisywa\u0142 je do gazet, w kt\u00f3rych w\u00f3wczas pracowa\u0142. Cho\u0107 by\u0142y to powa\u017cne pisma, ksi\u0105\u017cka adresowana jest do m\u0142odych fan\u00f3w niesamowitych i fantastycznych stwor\u00f3w, miejsc i wydarze\u0144. Kr\u00f3tkie historie drukowane du\u017c\u0105 czcionk\u0105, pi\u0119knie ilustracje, ok\u0142adka przyci\u0105gaj\u0105ca wzrok &#8211; wszystko to zach\u0119ca do czytania.<\/p>\n\n\n\n<p>Jest to kolejny zbi\u00f3r opowiada\u0144 Pratchetta przeznaczony dla m\u0142odszego czytelnika. Jak zwykle autor wykaza\u0142 si\u0119 niesamowit\u0105 wyobra\u017ani\u0105 i stworzy\u0142 postacie i epizody, kt\u00f3re zaciekawi\u0105 i rozbawi\u0105 ka\u017cdego. Sir Terry by\u0142 znakomitym obserwatorem naszego \u015bwiata. Potrafi\u0142 przedstawi\u0107 go w krzywym zwierciadle, z odpowiedni\u0105 dawk\u0105 ironii czy czarnego humoru.<\/p>\n\n\n\n<p>18 historii, w tym o tytu\u0142owym jaskiniowcu. Ale znajdziemy tu r\u00f3wnie\u017c co\u015b o bardzo starym komputerze, podr\u00f3\u017cach na Ksi\u0119\u017cyc czy Mars, pi\u0142ce no\u017cnej, bitwach, \u015bmieciach, nalocie kosmit\u00f3w na Ziemi\u0119 czy gadaj\u0105cym koniu. Jedne opowie\u015bci spodobaj\u0105 si\u0119 bardziej, inne mniej, jak to w antologii. Mnie do gustu przypad\u0142a &#8222;Tropnecka inwazja na Wielk\u0105 Brytani\u0119&#8221; czyli jak historia mog\u0142aby si\u0119 potoczy\u0107, gdyby takie plemi\u0119 istnia\u0142o.<\/p>\n\n\n\n<p>&#8222;O jaskiniowcu, kt\u00f3ry podr\u00f3\u017cowa\u0142 w czasie&#8221; to wspania\u0142a i nieoczywista fantastyka dla m\u0142odszego czytelnika. R\u00f3wnie\u017c doro\u015bli b\u0119d\u0105 si\u0119 przy niej \u015bwietnie bawi\u0107. Specyficzne poczucie humory sir Terry&#8217;ego, kr\u00f3tkie opowiadania i wspania\u0142e ilustracje sprawiaj\u0105, \u017ce ksi\u0105\u017ck\u0119 czyta si\u0119 b\u0142yskawicznie. Polecam j\u0105 i ma\u0142ym, i du\u017cym. A dla fan\u00f3w Pratchetta to pozycja obowi\u0105zkowa.<\/p>\n\n\n\n<p><strong>MOJA OCENA: 8\/10<\/strong><\/p>\n\n\n\n<p>#fantastyka #fantastykam\u0142odzie\u017cowa #eerieonsea<\/p>\n\n\n\n<p><a href=\"https:\/\/www.rebis.com.pl\/\" target=\"_blank\" rel=\"noreferrer noopener\">Dom Wydawniczy Rebis<\/a><\/p>\n\n\n\n<p>A <a href=\"https:\/\/pasjeoli.pl\/index.php\/2022\/04\/10\/wszechmrok\/\" target=\"_blank\" rel=\"noreferrer noopener\">TUTAJ<\/a> poczytacie o innej ksi\u0105\u017cce dla m\u0142odego czytelnika fantastyki. <\/p>\n","protected":false},"excerpt":{"rendered":"<p>&#8222;O jaskiniowcu, kt\u00f3ry podr\u00f3\u017cowa\u0142 w czasie&#8221; to zbi\u00f3r fantastycznych, bogato ilustrowanych  opowiada\u0144 dla m\u0142odszych  czytelnik\u00f3w.<\/p>\n","protected":false},"author":1,"featured_media":1252,"comment_status":"closed","ping_status":"closed","sticky":false,"template":"","format":"standard","meta":{"footnotes":""},"categories":[95],"tags":[97],"yoast_head":"<!-- This site is optimized with the Yoast SEO plugin v23.4 - https:\/\/yoast.com\/wordpress\/plugins\/seo\/ -->\n<title>O jaskiniowcu, kt\u00f3ry podr\u00f3\u017cowa\u0142 w czasie - Terry Pratchett | Pasje Oli<\/title>\n<meta name=\"description\" content=\"&quot;O jaskiniowcu, kt\u00f3ry podr\u00f3\u017cowa\u0142 w czasie&quot; to zbi\u00f3r fantastycznych, bogato ilustrowanych opowiada\u0144 dla m\u0142odszych czytelnik\u00f3w.\" \/>\n<meta name=\"robots\" content=\"index, follow, max-snippet:-1, max-image-preview:large, max-video-preview:-1\" \/>\n<link rel=\"canonical\" href=\"https:\/\/pasjeoli.pl\/index.php\/2022\/05\/30\/o-jaskiniowcu-ktory-podrozowal-w-czasie-terry-pratchett\/\" \/>\n<meta property=\"og:locale\" content=\"pl_PL\" \/>\n<meta property=\"og:type\" content=\"article\" \/>\n<meta property=\"og:title\" content=\"O jaskiniowcu, kt\u00f3ry podr\u00f3\u017cowa\u0142 w czasie - Terry Pratchett | Pasje Oli\" \/>\n<meta property=\"og:description\" content=\"&quot;O jaskiniowcu, kt\u00f3ry podr\u00f3\u017cowa\u0142 w czasie&quot; to zbi\u00f3r fantastycznych, bogato ilustrowanych opowiada\u0144 dla m\u0142odszych czytelnik\u00f3w.\" \/>\n<meta property=\"og:url\" content=\"https:\/\/pasjeoli.pl\/index.php\/2022\/05\/30\/o-jaskiniowcu-ktory-podrozowal-w-czasie-terry-pratchett\/\" \/>\n<meta property=\"og:site_name\" content=\"Pasje Oli\" \/>\n<meta property=\"article:publisher\" content=\"https:\/\/www.facebook.com\/PasjOla-Planszowa-104986327782886\" \/>\n<meta property=\"article:author\" content=\"https:\/\/www.facebook.com\/PasjOla-Planszowa-104986327782886\" \/>\n<meta property=\"article:published_time\" content=\"2022-05-30T16:10:53+00:00\" \/>\n<meta property=\"article:modified_time\" content=\"2022-05-30T16:18:04+00:00\" \/>\n<meta property=\"og:image\" content=\"http:\/\/pasjeoli.pl\/wp-content\/uploads\/2022\/05\/oJaskiniowcu2-scaled.jpg\" \/>\n\t<meta property=\"og:image:width\" content=\"2383\" \/>\n\t<meta property=\"og:image:height\" content=\"2560\" \/>\n\t<meta property=\"og:image:type\" content=\"image\/jpeg\" \/>\n<meta name=\"author\" content=\"PasjOla\" \/>\n<meta name=\"twitter:card\" content=\"summary_large_image\" \/>\n<meta name=\"twitter:label1\" content=\"Napisane przez\" \/>\n\t<meta name=\"twitter:data1\" content=\"PasjOla\" \/>\n\t<meta name=\"twitter:label2\" content=\"Szacowany czas czytania\" \/>\n\t<meta name=\"twitter:data2\" content=\"2 minuty\" \/>\n<script type=\"application\/ld+json\" class=\"yoast-schema-graph\">{\"@context\":\"https:\/\/schema.org\",\"@graph\":[{\"@type\":\"Article\",\"@id\":\"https:\/\/pasjeoli.pl\/index.php\/2022\/05\/30\/o-jaskiniowcu-ktory-podrozowal-w-czasie-terry-pratchett\/#article\",\"isPartOf\":{\"@id\":\"https:\/\/pasjeoli.pl\/index.php\/2022\/05\/30\/o-jaskiniowcu-ktory-podrozowal-w-czasie-terry-pratchett\/\"},\"author\":{\"name\":\"PasjOla\",\"@id\":\"https:\/\/pasjeoli.pl\/#\/schema\/person\/5170a61426bd1cff4c4c277af668c4ac\"},\"headline\":\"O jaskiniowcu, kt\u00f3ry podr\u00f3\u017cowa\u0142 w czasie &#8211; Terry Pratchett\",\"datePublished\":\"2022-05-30T16:10:53+00:00\",\"dateModified\":\"2022-05-30T16:18:04+00:00\",\"mainEntityOfPage\":{\"@id\":\"https:\/\/pasjeoli.pl\/index.php\/2022\/05\/30\/o-jaskiniowcu-ktory-podrozowal-w-czasie-terry-pratchett\/\"},\"wordCount\":314,\"publisher\":{\"@id\":\"https:\/\/pasjeoli.pl\/#\/schema\/person\/5170a61426bd1cff4c4c277af668c4ac\"},\"image\":{\"@id\":\"https:\/\/pasjeoli.pl\/index.php\/2022\/05\/30\/o-jaskiniowcu-ktory-podrozowal-w-czasie-terry-pratchett\/#primaryimage\"},\"thumbnailUrl\":\"https:\/\/pasjeoli.pl\/wp-content\/uploads\/2022\/05\/oJaskiniowcu2-scaled.jpg\",\"keywords\":[\"fantastyka m\u0142odzie\u017cowa\"],\"articleSection\":[\"Z mojej biblioteczki\"],\"inLanguage\":\"pl-PL\"},{\"@type\":\"WebPage\",\"@id\":\"https:\/\/pasjeoli.pl\/index.php\/2022\/05\/30\/o-jaskiniowcu-ktory-podrozowal-w-czasie-terry-pratchett\/\",\"url\":\"https:\/\/pasjeoli.pl\/index.php\/2022\/05\/30\/o-jaskiniowcu-ktory-podrozowal-w-czasie-terry-pratchett\/\",\"name\":\"O jaskiniowcu, kt\u00f3ry podr\u00f3\u017cowa\u0142 w czasie - Terry Pratchett | Pasje Oli\",\"isPartOf\":{\"@id\":\"https:\/\/pasjeoli.pl\/#website\"},\"primaryImageOfPage\":{\"@id\":\"https:\/\/pasjeoli.pl\/index.php\/2022\/05\/30\/o-jaskiniowcu-ktory-podrozowal-w-czasie-terry-pratchett\/#primaryimage\"},\"image\":{\"@id\":\"https:\/\/pasjeoli.pl\/index.php\/2022\/05\/30\/o-jaskiniowcu-ktory-podrozowal-w-czasie-terry-pratchett\/#primaryimage\"},\"thumbnailUrl\":\"https:\/\/pasjeoli.pl\/wp-content\/uploads\/2022\/05\/oJaskiniowcu2-scaled.jpg\",\"datePublished\":\"2022-05-30T16:10:53+00:00\",\"dateModified\":\"2022-05-30T16:18:04+00:00\",\"description\":\"\\\"O jaskiniowcu, kt\u00f3ry podr\u00f3\u017cowa\u0142 w czasie\\\" to zbi\u00f3r fantastycznych, bogato ilustrowanych opowiada\u0144 dla m\u0142odszych czytelnik\u00f3w.\",\"breadcrumb\":{\"@id\":\"https:\/\/pasjeoli.pl\/index.php\/2022\/05\/30\/o-jaskiniowcu-ktory-podrozowal-w-czasie-terry-pratchett\/#breadcrumb\"},\"inLanguage\":\"pl-PL\",\"potentialAction\":[{\"@type\":\"ReadAction\",\"target\":[\"https:\/\/pasjeoli.pl\/index.php\/2022\/05\/30\/o-jaskiniowcu-ktory-podrozowal-w-czasie-terry-pratchett\/\"]}]},{\"@type\":\"ImageObject\",\"inLanguage\":\"pl-PL\",\"@id\":\"https:\/\/pasjeoli.pl\/index.php\/2022\/05\/30\/o-jaskiniowcu-ktory-podrozowal-w-czasie-terry-pratchett\/#primaryimage\",\"url\":\"https:\/\/pasjeoli.pl\/wp-content\/uploads\/2022\/05\/oJaskiniowcu2-scaled.jpg\",\"contentUrl\":\"https:\/\/pasjeoli.pl\/wp-content\/uploads\/2022\/05\/oJaskiniowcu2-scaled.jpg\",\"width\":2383,\"height\":2560,\"caption\":\"O jaskiniowcu kt\u00f3ry podr\u00f3\u017cowa\u0142 w czasie\"},{\"@type\":\"BreadcrumbList\",\"@id\":\"https:\/\/pasjeoli.pl\/index.php\/2022\/05\/30\/o-jaskiniowcu-ktory-podrozowal-w-czasie-terry-pratchett\/#breadcrumb\",\"itemListElement\":[{\"@type\":\"ListItem\",\"position\":1,\"name\":\"Strona g\u0142\u00f3wna\",\"item\":\"https:\/\/pasjeoli.pl\/\"},{\"@type\":\"ListItem\",\"position\":2,\"name\":\"O jaskiniowcu, kt\u00f3ry podr\u00f3\u017cowa\u0142 w czasie &#8211; Terry Pratchett\"}]},{\"@type\":\"WebSite\",\"@id\":\"https:\/\/pasjeoli.pl\/#website\",\"url\":\"https:\/\/pasjeoli.pl\/\",\"name\":\"Pasje Oli\",\"description\":\"Gry planszowe i ksi\u0105\u017cki - opisy, wra\u017cenia, recenzje\",\"publisher\":{\"@id\":\"https:\/\/pasjeoli.pl\/#\/schema\/person\/5170a61426bd1cff4c4c277af668c4ac\"},\"potentialAction\":[{\"@type\":\"SearchAction\",\"target\":{\"@type\":\"EntryPoint\",\"urlTemplate\":\"https:\/\/pasjeoli.pl\/?s={search_term_string}\"},\"query-input\":{\"@type\":\"PropertyValueSpecification\",\"valueRequired\":true,\"valueName\":\"search_term_string\"}}],\"inLanguage\":\"pl-PL\"},{\"@type\":[\"Person\",\"Organization\"],\"@id\":\"https:\/\/pasjeoli.pl\/#\/schema\/person\/5170a61426bd1cff4c4c277af668c4ac\",\"name\":\"PasjOla\",\"image\":{\"@type\":\"ImageObject\",\"inLanguage\":\"pl-PL\",\"@id\":\"https:\/\/pasjeoli.pl\/#\/schema\/person\/image\/\",\"url\":\"https:\/\/pasjeoli.pl\/wp-content\/uploads\/2022\/05\/PasjeOli4.png\",\"contentUrl\":\"https:\/\/pasjeoli.pl\/wp-content\/uploads\/2022\/05\/PasjeOli4.png\",\"width\":500,\"height\":500,\"caption\":\"PasjOla\"},\"logo\":{\"@id\":\"https:\/\/pasjeoli.pl\/#\/schema\/person\/image\/\"},\"description\":\"Jestem Ola, a moj\u0105 pasj\u0105 (no, jedn\u0105 z wielu) s\u0105 plansz\u00f3wki. W \u015bwiecie plansz\u00f3wkowym funkcjonuj\u0119 ponad 10 lat. Wszystko zacz\u0119\u0142o si\u0119 od po\u017cyczania gier od kolegi, a potem trafi\u0142am na jeden z pierwszych Pionk\u00f3w, organizowanych w MDK w Gliwicach. I plansz\u00f3wkowe hobby ca\u0142kowicie mnie wci\u0105gn\u0119\u0142o. Nadal, je\u015bli tylko mog\u0119, to je\u017cd\u017c\u0119 na konwenty, gdzie grywam nie tylko w zapowiedzi wydawnicze. Na Facebook'u wyst\u0119puj\u0119 jako PasjOla Planszowa. Znajdziecie mnie te\u017c na Instagramie jako OlaDanInsta Lubi\u0119 poznawa\u0107 nowe gry, ale ch\u0119tnie te\u017c wracam do starszych, sprawdzonych tytu\u0142\u00f3w, wi\u0119c bawi\u0119 si\u0119 z GRAnatowa Czelend\u017c i dzia\u0142am w kapitule tej grupy. A w 2020 roku do\u0142\u0105czy\u0142am do Kapitu\u0142y przyznaj\u0105cej presti\u017cow\u0105 nagrod\u0119: Planszowa Gra Roku. My\u015bl\u0119, \u017ce jakie\u015b do\u015bwiadczenie w plansz\u00f3wkach mam, wi\u0119c ch\u0119tnie si\u0119 moj\u0105 wiedz\u0105 i przemy\u015bleniami z Wami podziel\u0119. Zapraszam do czytania i komentowania \ud83d\ude0a\",\"sameAs\":[\"http:\/\/pasjeoli.pl\",\"https:\/\/www.facebook.com\/PasjOla-Planszowa-104986327782886\",\"https:\/\/instagram.com\/oladaninsta\"]}]}<\/script>\n<!-- \/ Yoast SEO plugin. -->","yoast_head_json":{"title":"O jaskiniowcu, kt\u00f3ry podr\u00f3\u017cowa\u0142 w czasie - Terry Pratchett | Pasje Oli","description":"\"O jaskiniowcu, kt\u00f3ry podr\u00f3\u017cowa\u0142 w czasie\" to zbi\u00f3r fantastycznych, bogato ilustrowanych opowiada\u0144 dla m\u0142odszych czytelnik\u00f3w.","robots":{"index":"index","follow":"follow","max-snippet":"max-snippet:-1","max-image-preview":"max-image-preview:large","max-video-preview":"max-video-preview:-1"},"canonical":"https:\/\/pasjeoli.pl\/index.php\/2022\/05\/30\/o-jaskiniowcu-ktory-podrozowal-w-czasie-terry-pratchett\/","og_locale":"pl_PL","og_type":"article","og_title":"O jaskiniowcu, kt\u00f3ry podr\u00f3\u017cowa\u0142 w czasie - Terry Pratchett | Pasje Oli","og_description":"\"O jaskiniowcu, kt\u00f3ry podr\u00f3\u017cowa\u0142 w czasie\" to zbi\u00f3r fantastycznych, bogato ilustrowanych opowiada\u0144 dla m\u0142odszych czytelnik\u00f3w.","og_url":"https:\/\/pasjeoli.pl\/index.php\/2022\/05\/30\/o-jaskiniowcu-ktory-podrozowal-w-czasie-terry-pratchett\/","og_site_name":"Pasje Oli","article_publisher":"https:\/\/www.facebook.com\/PasjOla-Planszowa-104986327782886","article_author":"https:\/\/www.facebook.com\/PasjOla-Planszowa-104986327782886","article_published_time":"2022-05-30T16:10:53+00:00","article_modified_time":"2022-05-30T16:18:04+00:00","og_image":[{"width":2383,"height":2560,"url":"http:\/\/pasjeoli.pl\/wp-content\/uploads\/2022\/05\/oJaskiniowcu2-scaled.jpg","type":"image\/jpeg"}],"author":"PasjOla","twitter_card":"summary_large_image","twitter_misc":{"Napisane przez":"PasjOla","Szacowany czas czytania":"2 minuty"},"schema":{"@context":"https:\/\/schema.org","@graph":[{"@type":"Article","@id":"https:\/\/pasjeoli.pl\/index.php\/2022\/05\/30\/o-jaskiniowcu-ktory-podrozowal-w-czasie-terry-pratchett\/#article","isPartOf":{"@id":"https:\/\/pasjeoli.pl\/index.php\/2022\/05\/30\/o-jaskiniowcu-ktory-podrozowal-w-czasie-terry-pratchett\/"},"author":{"name":"PasjOla","@id":"https:\/\/pasjeoli.pl\/#\/schema\/person\/5170a61426bd1cff4c4c277af668c4ac"},"headline":"O jaskiniowcu, kt\u00f3ry podr\u00f3\u017cowa\u0142 w czasie &#8211; Terry Pratchett","datePublished":"2022-05-30T16:10:53+00:00","dateModified":"2022-05-30T16:18:04+00:00","mainEntityOfPage":{"@id":"https:\/\/pasjeoli.pl\/index.php\/2022\/05\/30\/o-jaskiniowcu-ktory-podrozowal-w-czasie-terry-pratchett\/"},"wordCount":314,"publisher":{"@id":"https:\/\/pasjeoli.pl\/#\/schema\/person\/5170a61426bd1cff4c4c277af668c4ac"},"image":{"@id":"https:\/\/pasjeoli.pl\/index.php\/2022\/05\/30\/o-jaskiniowcu-ktory-podrozowal-w-czasie-terry-pratchett\/#primaryimage"},"thumbnailUrl":"https:\/\/pasjeoli.pl\/wp-content\/uploads\/2022\/05\/oJaskiniowcu2-scaled.jpg","keywords":["fantastyka m\u0142odzie\u017cowa"],"articleSection":["Z mojej biblioteczki"],"inLanguage":"pl-PL"},{"@type":"WebPage","@id":"https:\/\/pasjeoli.pl\/index.php\/2022\/05\/30\/o-jaskiniowcu-ktory-podrozowal-w-czasie-terry-pratchett\/","url":"https:\/\/pasjeoli.pl\/index.php\/2022\/05\/30\/o-jaskiniowcu-ktory-podrozowal-w-czasie-terry-pratchett\/","name":"O jaskiniowcu, kt\u00f3ry podr\u00f3\u017cowa\u0142 w czasie - Terry Pratchett | Pasje Oli","isPartOf":{"@id":"https:\/\/pasjeoli.pl\/#website"},"primaryImageOfPage":{"@id":"https:\/\/pasjeoli.pl\/index.php\/2022\/05\/30\/o-jaskiniowcu-ktory-podrozowal-w-czasie-terry-pratchett\/#primaryimage"},"image":{"@id":"https:\/\/pasjeoli.pl\/index.php\/2022\/05\/30\/o-jaskiniowcu-ktory-podrozowal-w-czasie-terry-pratchett\/#primaryimage"},"thumbnailUrl":"https:\/\/pasjeoli.pl\/wp-content\/uploads\/2022\/05\/oJaskiniowcu2-scaled.jpg","datePublished":"2022-05-30T16:10:53+00:00","dateModified":"2022-05-30T16:18:04+00:00","description":"\"O jaskiniowcu, kt\u00f3ry podr\u00f3\u017cowa\u0142 w czasie\" to zbi\u00f3r fantastycznych, bogato ilustrowanych opowiada\u0144 dla m\u0142odszych czytelnik\u00f3w.","breadcrumb":{"@id":"https:\/\/pasjeoli.pl\/index.php\/2022\/05\/30\/o-jaskiniowcu-ktory-podrozowal-w-czasie-terry-pratchett\/#breadcrumb"},"inLanguage":"pl-PL","potentialAction":[{"@type":"ReadAction","target":["https:\/\/pasjeoli.pl\/index.php\/2022\/05\/30\/o-jaskiniowcu-ktory-podrozowal-w-czasie-terry-pratchett\/"]}]},{"@type":"ImageObject","inLanguage":"pl-PL","@id":"https:\/\/pasjeoli.pl\/index.php\/2022\/05\/30\/o-jaskiniowcu-ktory-podrozowal-w-czasie-terry-pratchett\/#primaryimage","url":"https:\/\/pasjeoli.pl\/wp-content\/uploads\/2022\/05\/oJaskiniowcu2-scaled.jpg","contentUrl":"https:\/\/pasjeoli.pl\/wp-content\/uploads\/2022\/05\/oJaskiniowcu2-scaled.jpg","width":2383,"height":2560,"caption":"O jaskiniowcu kt\u00f3ry podr\u00f3\u017cowa\u0142 w czasie"},{"@type":"BreadcrumbList","@id":"https:\/\/pasjeoli.pl\/index.php\/2022\/05\/30\/o-jaskiniowcu-ktory-podrozowal-w-czasie-terry-pratchett\/#breadcrumb","itemListElement":[{"@type":"ListItem","position":1,"name":"Strona g\u0142\u00f3wna","item":"https:\/\/pasjeoli.pl\/"},{"@type":"ListItem","position":2,"name":"O jaskiniowcu, kt\u00f3ry podr\u00f3\u017cowa\u0142 w czasie &#8211; Terry Pratchett"}]},{"@type":"WebSite","@id":"https:\/\/pasjeoli.pl\/#website","url":"https:\/\/pasjeoli.pl\/","name":"Pasje Oli","description":"Gry planszowe i ksi\u0105\u017cki - opisy, wra\u017cenia, recenzje","publisher":{"@id":"https:\/\/pasjeoli.pl\/#\/schema\/person\/5170a61426bd1cff4c4c277af668c4ac"},"potentialAction":[{"@type":"SearchAction","target":{"@type":"EntryPoint","urlTemplate":"https:\/\/pasjeoli.pl\/?s={search_term_string}"},"query-input":{"@type":"PropertyValueSpecification","valueRequired":true,"valueName":"search_term_string"}}],"inLanguage":"pl-PL"},{"@type":["Person","Organization"],"@id":"https:\/\/pasjeoli.pl\/#\/schema\/person\/5170a61426bd1cff4c4c277af668c4ac","name":"PasjOla","image":{"@type":"ImageObject","inLanguage":"pl-PL","@id":"https:\/\/pasjeoli.pl\/#\/schema\/person\/image\/","url":"https:\/\/pasjeoli.pl\/wp-content\/uploads\/2022\/05\/PasjeOli4.png","contentUrl":"https:\/\/pasjeoli.pl\/wp-content\/uploads\/2022\/05\/PasjeOli4.png","width":500,"height":500,"caption":"PasjOla"},"logo":{"@id":"https:\/\/pasjeoli.pl\/#\/schema\/person\/image\/"},"description":"Jestem Ola, a moj\u0105 pasj\u0105 (no, jedn\u0105 z wielu) s\u0105 plansz\u00f3wki. W \u015bwiecie plansz\u00f3wkowym funkcjonuj\u0119 ponad 10 lat. Wszystko zacz\u0119\u0142o si\u0119 od po\u017cyczania gier od kolegi, a potem trafi\u0142am na jeden z pierwszych Pionk\u00f3w, organizowanych w MDK w Gliwicach. I plansz\u00f3wkowe hobby ca\u0142kowicie mnie wci\u0105gn\u0119\u0142o. Nadal, je\u015bli tylko mog\u0119, to je\u017cd\u017c\u0119 na konwenty, gdzie grywam nie tylko w zapowiedzi wydawnicze. Na Facebook'u wyst\u0119puj\u0119 jako PasjOla Planszowa. Znajdziecie mnie te\u017c na Instagramie jako OlaDanInsta Lubi\u0119 poznawa\u0107 nowe gry, ale ch\u0119tnie te\u017c wracam do starszych, sprawdzonych tytu\u0142\u00f3w, wi\u0119c bawi\u0119 si\u0119 z GRAnatowa Czelend\u017c i dzia\u0142am w kapitule tej grupy. A w 2020 roku do\u0142\u0105czy\u0142am do Kapitu\u0142y przyznaj\u0105cej presti\u017cow\u0105 nagrod\u0119: Planszowa Gra Roku. My\u015bl\u0119, \u017ce jakie\u015b do\u015bwiadczenie w plansz\u00f3wkach mam, wi\u0119c ch\u0119tnie si\u0119 moj\u0105 wiedz\u0105 i przemy\u015bleniami z Wami podziel\u0119. Zapraszam do czytania i komentowania \ud83d\ude0a","sameAs":["http:\/\/pasjeoli.pl","https:\/\/www.facebook.com\/PasjOla-Planszowa-104986327782886","https:\/\/instagram.com\/oladaninsta"]}]}},"_links":{"self":[{"href":"https:\/\/pasjeoli.pl\/index.php\/wp-json\/wp\/v2\/posts\/1251"}],"collection":[{"href":"https:\/\/pasjeoli.pl\/index.php\/wp-json\/wp\/v2\/posts"}],"about":[{"href":"https:\/\/pasjeoli.pl\/index.php\/wp-json\/wp\/v2\/types\/post"}],"author":[{"embeddable":true,"href":"https:\/\/pasjeoli.pl\/index.php\/wp-json\/wp\/v2\/users\/1"}],"replies":[{"embeddable":true,"href":"https:\/\/pasjeoli.pl\/index.php\/wp-json\/wp\/v2\/comments?post=1251"}],"version-history":[{"count":2,"href":"https:\/\/pasjeoli.pl\/index.php\/wp-json\/wp\/v2\/posts\/1251\/revisions"}],"predecessor-version":[{"id":1255,"href":"https:\/\/pasjeoli.pl\/index.php\/wp-json\/wp\/v2\/posts\/1251\/revisions\/1255"}],"wp:featuredmedia":[{"embeddable":true,"href":"https:\/\/pasjeoli.pl\/index.php\/wp-json\/wp\/v2\/media\/1252"}],"wp:attachment":[{"href":"https:\/\/pasjeoli.pl\/index.php\/wp-json\/wp\/v2\/media?parent=1251"}],"wp:term":[{"taxonomy":"category","embeddable":true,"href":"https:\/\/pasjeoli.pl\/index.php\/wp-json\/wp\/v2\/categories?post=1251"},{"taxonomy":"post_tag","embeddable":true,"href":"https:\/\/pasjeoli.pl\/index.php\/wp-json\/wp\/v2\/tags?post=1251"}],"curies":[{"name":"wp","href":"https:\/\/api.w.org\/{rel}","templated":true}]}}