{"id":5679,"date":"2025-04-05T10:06:01","date_gmt":"2025-04-05T08:06:01","guid":{"rendered":"https:\/\/pasjeoli.pl\/?p=5679"},"modified":"2025-04-05T10:06:01","modified_gmt":"2025-04-05T08:06:01","slug":"lato-pelne-tajemnic-katarzyna-wierzbicka","status":"publish","type":"post","link":"https:\/\/pasjeoli.pl\/index.php\/2025\/04\/05\/lato-pelne-tajemnic-katarzyna-wierzbicka\/","title":{"rendered":"Lato pe\u0142ne tajemnic &#8211; Katarzyna Wierzbicka"},"content":{"rendered":"\n<p>26\/2025 <strong>&#8222;Lato pe\u0142ne tajemnic&#8221; <em>Katarzyna Wierzbicka<\/em><\/strong><\/p>\n\n\n\n<p>Magda ze swoim talentem czuje si\u0119 osamotniona. Nie mo\u017ce nikomu o tym powiedzie\u0107. Tato, z kt\u00f3rym do tej pory dzieli\u0142a sw\u0105 tajemnic\u0119, po wydarzeniach z <a href=\"https:\/\/pasjeoli.pl\/index.php\/2024\/06\/09\/wakacje-pelne-magii-katarzyna-wierzbicka\/\">&#8222;Wakacji pe\u0142nych magii&#8221;<\/a> nie chce s\u0142ysze\u0107 s\u0142owa 'magia&#8217;. Sta\u0142 si\u0119 zwyk\u0142ym cz\u0142owiekiem, cho\u0107 zdecydowanie zmarkotnia\u0142, czasami zapomina co mia\u0142 zrobi\u0107, cz\u0119sto b\u0142\u0105dzi gdzie\u015b my\u015blami i og\u00f3lnie nie jest taki, jaki by\u0142 wcze\u015bniej. Sprawia wra\u017cenie, jakby kto\u015b wymaza\u0142 mu cz\u0119\u015b\u0107 pami\u0119ci i teraz nie umie si\u0119 odnale\u017a\u0107 w nowej rzeczywisto\u015bci. <\/p>\n\n\n\n<p>Dziewczynka zosta\u0142a wi\u0119c ze swoimi zdolno\u015bciami sama. W dodatku szczerze nie lubi swego daru, bo przeszkadza on jej normalnie funkcjonowa\u0107. Teoretycznie ma zaprzyja\u017anionego demona \u017cyj\u0105cego na pobliskich polach. Jednak i on wkr\u00f3tce zaczyna co\u015b przed nastolatk\u0105 ukrywa\u0107. A gdy przez kamping codziennie przechodzi dziwna dziewczynka, kt\u00f3r\u0105 rodzina wysy\u0142a po zakupy, Magda zaczyna czu\u0107, \u017ce wok\u00f3\u0142 niej dzieje si\u0119 cos niedobrego. Czy nowo poznany na kempingu, mi\u0142y ch\u0142opak, wesprze Magd\u0119 w odkryciu prawdy? A mo\u017ce on te\u017c jest inny i pomo\u017ce dziewczynce przywr\u00f3ci\u0107 tacie wspomnienia? Kto tutaj jest po tej w\u0142a\u015bciwej, dobrej stronie? Czy to lato oka\u017ce si\u0119 jednak wspania\u0142e?<\/p>\n\n\n\n<p>&#8222;Lato pe\u0142ne tajemnic&#8221; okaza\u0142o si\u0119 bardzo dobr\u0105 kontynuacj\u0105 przyg\u00f3d Magdy i jej rodzinki na kempingu w czasie letnich wakacji. Mimo i\u017c ksi\u0105\u017cka skierowana jest raczej do m\u0142odszego czytelnika, nie jest ona lekka, przyjemna i s\u0142odka. Tym razem skrywa wi\u0119cej mroku i czasami je\u017c\u0105cych na g\u0142owie w\u0142osy wydarze\u0144. Jest niepokoj\u0105co, z pewno\u015bci\u0105 nie jest nudno, a dzi\u0119ki temu wydarzenia wci\u0105gaj\u0105. Opr\u00f3cz fantastycznych w\u0105tk\u00f3w  przemycone s\u0105 te\u017c wa\u017cne tematy: samotno\u015bci osoby, kt\u00f3ra jest inna od pozosta\u0142ych, ci\u0119\u017caru skrywania tajemnic, psychologiczne aspekty posiadania daru jaki ma Magda, konsekwencji zaufania niew\u0142a\u015bciwym osobom, smutku po stracie przyjaciela. Bardzo dobrze wszystkie te aspekty s\u0105 ukazane. Powoduje to, \u017ce lektura jest ciekawa i dobrze si\u0119 j\u0105 czyta. Z pewno\u015bci\u0105 si\u0119gn\u0119 po kolejne cz\u0119\u015bci.<\/p>\n\n\n\n<p><\/p>\n\n\n\n<p><strong>MOJA OCENA: 8\/10<\/strong><\/p>\n\n\n\n<p><a href=\"https:\/\/wydawnictwomieta.pl\/\" target=\"_blank\" rel=\"noreferrer noopener\">Wydawnictwo Mi\u0119ta<\/a><\/p>\n","protected":false},"excerpt":{"rendered":"<p>&#8222;Lato pe\u0142ne tajemnic&#8221; to kontynuacja przyg\u00f3d Magdy i jej rodzinki na kampingu nad jeziorem w czasie letnich wakacji. <\/p>\n","protected":false},"author":1,"featured_media":5687,"comment_status":"closed","ping_status":"closed","sticky":false,"template":"","format":"standard","meta":{"footnotes":""},"categories":[130],"tags":[133],"yoast_head":"<!-- This site is optimized with the Yoast SEO plugin v23.4 - https:\/\/yoast.com\/wordpress\/plugins\/seo\/ -->\n<title>Lato pe\u0142ne tajemnic - Katarzyna Wierzbicka | Pasje Oli<\/title>\n<meta name=\"description\" content=\"&quot;Lato pe\u0142ne tajemnic&quot; to kontynuacja przyg\u00f3d Magdy i jej rodzinki na kampingu nad jeziorem w czasie letnich wakacji.\" \/>\n<meta name=\"robots\" content=\"index, follow, max-snippet:-1, max-image-preview:large, max-video-preview:-1\" \/>\n<link rel=\"canonical\" href=\"https:\/\/pasjeoli.pl\/index.php\/2025\/04\/05\/lato-pelne-tajemnic-katarzyna-wierzbicka\/\" \/>\n<meta property=\"og:locale\" content=\"pl_PL\" \/>\n<meta property=\"og:type\" content=\"article\" \/>\n<meta property=\"og:title\" content=\"Lato pe\u0142ne tajemnic - Katarzyna Wierzbicka | Pasje Oli\" \/>\n<meta property=\"og:description\" content=\"&quot;Lato pe\u0142ne tajemnic&quot; to kontynuacja przyg\u00f3d Magdy i jej rodzinki na kampingu nad jeziorem w czasie letnich wakacji.\" \/>\n<meta property=\"og:url\" content=\"https:\/\/pasjeoli.pl\/index.php\/2025\/04\/05\/lato-pelne-tajemnic-katarzyna-wierzbicka\/\" \/>\n<meta property=\"og:site_name\" content=\"Pasje Oli\" \/>\n<meta property=\"article:publisher\" content=\"https:\/\/www.facebook.com\/PasjOla-Planszowa-104986327782886\" \/>\n<meta property=\"article:author\" content=\"https:\/\/www.facebook.com\/PasjOla-Planszowa-104986327782886\" \/>\n<meta property=\"article:published_time\" content=\"2025-04-05T08:06:01+00:00\" \/>\n<meta property=\"og:image\" content=\"http:\/\/pasjeoli.pl\/wp-content\/uploads\/2025\/04\/LatoPelneTajemnic1.jpg\" \/>\n\t<meta property=\"og:image:width\" content=\"1080\" \/>\n\t<meta property=\"og:image:height\" content=\"1080\" \/>\n\t<meta property=\"og:image:type\" content=\"image\/jpeg\" \/>\n<meta name=\"author\" content=\"PasjOla\" \/>\n<meta name=\"twitter:card\" content=\"summary_large_image\" \/>\n<meta name=\"twitter:label1\" content=\"Napisane przez\" \/>\n\t<meta name=\"twitter:data1\" content=\"PasjOla\" \/>\n\t<meta name=\"twitter:label2\" content=\"Szacowany czas czytania\" \/>\n\t<meta name=\"twitter:data2\" content=\"3 minuty\" \/>\n<script type=\"application\/ld+json\" class=\"yoast-schema-graph\">{\"@context\":\"https:\/\/schema.org\",\"@graph\":[{\"@type\":\"Article\",\"@id\":\"https:\/\/pasjeoli.pl\/index.php\/2025\/04\/05\/lato-pelne-tajemnic-katarzyna-wierzbicka\/#article\",\"isPartOf\":{\"@id\":\"https:\/\/pasjeoli.pl\/index.php\/2025\/04\/05\/lato-pelne-tajemnic-katarzyna-wierzbicka\/\"},\"author\":{\"name\":\"PasjOla\",\"@id\":\"https:\/\/pasjeoli.pl\/#\/schema\/person\/5170a61426bd1cff4c4c277af668c4ac\"},\"headline\":\"Lato pe\u0142ne tajemnic &#8211; Katarzyna Wierzbicka\",\"datePublished\":\"2025-04-05T08:06:01+00:00\",\"dateModified\":\"2025-04-05T08:06:01+00:00\",\"mainEntityOfPage\":{\"@id\":\"https:\/\/pasjeoli.pl\/index.php\/2025\/04\/05\/lato-pelne-tajemnic-katarzyna-wierzbicka\/\"},\"wordCount\":367,\"publisher\":{\"@id\":\"https:\/\/pasjeoli.pl\/#\/schema\/person\/5170a61426bd1cff4c4c277af668c4ac\"},\"image\":{\"@id\":\"https:\/\/pasjeoli.pl\/index.php\/2025\/04\/05\/lato-pelne-tajemnic-katarzyna-wierzbicka\/#primaryimage\"},\"thumbnailUrl\":\"https:\/\/pasjeoli.pl\/wp-content\/uploads\/2025\/04\/LatoPelneTajemnic1.jpg\",\"keywords\":[\"fantastyka dzieci\u0119ca\"],\"articleSection\":[\"Audiobook\"],\"inLanguage\":\"pl-PL\"},{\"@type\":\"WebPage\",\"@id\":\"https:\/\/pasjeoli.pl\/index.php\/2025\/04\/05\/lato-pelne-tajemnic-katarzyna-wierzbicka\/\",\"url\":\"https:\/\/pasjeoli.pl\/index.php\/2025\/04\/05\/lato-pelne-tajemnic-katarzyna-wierzbicka\/\",\"name\":\"Lato pe\u0142ne tajemnic - Katarzyna Wierzbicka | Pasje Oli\",\"isPartOf\":{\"@id\":\"https:\/\/pasjeoli.pl\/#website\"},\"primaryImageOfPage\":{\"@id\":\"https:\/\/pasjeoli.pl\/index.php\/2025\/04\/05\/lato-pelne-tajemnic-katarzyna-wierzbicka\/#primaryimage\"},\"image\":{\"@id\":\"https:\/\/pasjeoli.pl\/index.php\/2025\/04\/05\/lato-pelne-tajemnic-katarzyna-wierzbicka\/#primaryimage\"},\"thumbnailUrl\":\"https:\/\/pasjeoli.pl\/wp-content\/uploads\/2025\/04\/LatoPelneTajemnic1.jpg\",\"datePublished\":\"2025-04-05T08:06:01+00:00\",\"dateModified\":\"2025-04-05T08:06:01+00:00\",\"description\":\"\\\"Lato pe\u0142ne tajemnic\\\" to kontynuacja przyg\u00f3d Magdy i jej rodzinki na kampingu nad jeziorem w czasie letnich wakacji.\",\"breadcrumb\":{\"@id\":\"https:\/\/pasjeoli.pl\/index.php\/2025\/04\/05\/lato-pelne-tajemnic-katarzyna-wierzbicka\/#breadcrumb\"},\"inLanguage\":\"pl-PL\",\"potentialAction\":[{\"@type\":\"ReadAction\",\"target\":[\"https:\/\/pasjeoli.pl\/index.php\/2025\/04\/05\/lato-pelne-tajemnic-katarzyna-wierzbicka\/\"]}]},{\"@type\":\"ImageObject\",\"inLanguage\":\"pl-PL\",\"@id\":\"https:\/\/pasjeoli.pl\/index.php\/2025\/04\/05\/lato-pelne-tajemnic-katarzyna-wierzbicka\/#primaryimage\",\"url\":\"https:\/\/pasjeoli.pl\/wp-content\/uploads\/2025\/04\/LatoPelneTajemnic1.jpg\",\"contentUrl\":\"https:\/\/pasjeoli.pl\/wp-content\/uploads\/2025\/04\/LatoPelneTajemnic1.jpg\",\"width\":1080,\"height\":1080,\"caption\":\"Lato pe\u0142ne tajemnic - Katarzyna Wierzbicka\"},{\"@type\":\"BreadcrumbList\",\"@id\":\"https:\/\/pasjeoli.pl\/index.php\/2025\/04\/05\/lato-pelne-tajemnic-katarzyna-wierzbicka\/#breadcrumb\",\"itemListElement\":[{\"@type\":\"ListItem\",\"position\":1,\"name\":\"Strona g\u0142\u00f3wna\",\"item\":\"https:\/\/pasjeoli.pl\/\"},{\"@type\":\"ListItem\",\"position\":2,\"name\":\"Lato pe\u0142ne tajemnic &#8211; Katarzyna Wierzbicka\"}]},{\"@type\":\"WebSite\",\"@id\":\"https:\/\/pasjeoli.pl\/#website\",\"url\":\"https:\/\/pasjeoli.pl\/\",\"name\":\"Pasje Oli\",\"description\":\"Gry planszowe i ksi\u0105\u017cki - opisy, wra\u017cenia, recenzje\",\"publisher\":{\"@id\":\"https:\/\/pasjeoli.pl\/#\/schema\/person\/5170a61426bd1cff4c4c277af668c4ac\"},\"potentialAction\":[{\"@type\":\"SearchAction\",\"target\":{\"@type\":\"EntryPoint\",\"urlTemplate\":\"https:\/\/pasjeoli.pl\/?s={search_term_string}\"},\"query-input\":{\"@type\":\"PropertyValueSpecification\",\"valueRequired\":true,\"valueName\":\"search_term_string\"}}],\"inLanguage\":\"pl-PL\"},{\"@type\":[\"Person\",\"Organization\"],\"@id\":\"https:\/\/pasjeoli.pl\/#\/schema\/person\/5170a61426bd1cff4c4c277af668c4ac\",\"name\":\"PasjOla\",\"image\":{\"@type\":\"ImageObject\",\"inLanguage\":\"pl-PL\",\"@id\":\"https:\/\/pasjeoli.pl\/#\/schema\/person\/image\/\",\"url\":\"https:\/\/pasjeoli.pl\/wp-content\/uploads\/2022\/05\/PasjeOli4.png\",\"contentUrl\":\"https:\/\/pasjeoli.pl\/wp-content\/uploads\/2022\/05\/PasjeOli4.png\",\"width\":500,\"height\":500,\"caption\":\"PasjOla\"},\"logo\":{\"@id\":\"https:\/\/pasjeoli.pl\/#\/schema\/person\/image\/\"},\"description\":\"Jestem Ola, a moj\u0105 pasj\u0105 (no, jedn\u0105 z wielu) s\u0105 plansz\u00f3wki. W \u015bwiecie plansz\u00f3wkowym funkcjonuj\u0119 ponad 10 lat. Wszystko zacz\u0119\u0142o si\u0119 od po\u017cyczania gier od kolegi, a potem trafi\u0142am na jeden z pierwszych Pionk\u00f3w, organizowanych w MDK w Gliwicach. I plansz\u00f3wkowe hobby ca\u0142kowicie mnie wci\u0105gn\u0119\u0142o. Nadal, je\u015bli tylko mog\u0119, to je\u017cd\u017c\u0119 na konwenty, gdzie grywam nie tylko w zapowiedzi wydawnicze. Na Facebook'u wyst\u0119puj\u0119 jako PasjOla Planszowa. Znajdziecie mnie te\u017c na Instagramie jako OlaDanInsta Lubi\u0119 poznawa\u0107 nowe gry, ale ch\u0119tnie te\u017c wracam do starszych, sprawdzonych tytu\u0142\u00f3w, wi\u0119c bawi\u0119 si\u0119 z GRAnatowa Czelend\u017c i dzia\u0142am w kapitule tej grupy. A w 2020 roku do\u0142\u0105czy\u0142am do Kapitu\u0142y przyznaj\u0105cej presti\u017cow\u0105 nagrod\u0119: Planszowa Gra Roku. My\u015bl\u0119, \u017ce jakie\u015b do\u015bwiadczenie w plansz\u00f3wkach mam, wi\u0119c ch\u0119tnie si\u0119 moj\u0105 wiedz\u0105 i przemy\u015bleniami z Wami podziel\u0119. Zapraszam do czytania i komentowania \ud83d\ude0a\",\"sameAs\":[\"http:\/\/pasjeoli.pl\",\"https:\/\/www.facebook.com\/PasjOla-Planszowa-104986327782886\",\"https:\/\/instagram.com\/oladaninsta\"]}]}<\/script>\n<!-- \/ Yoast SEO plugin. -->","yoast_head_json":{"title":"Lato pe\u0142ne tajemnic - Katarzyna Wierzbicka | Pasje Oli","description":"\"Lato pe\u0142ne tajemnic\" to kontynuacja przyg\u00f3d Magdy i jej rodzinki na kampingu nad jeziorem w czasie letnich wakacji.","robots":{"index":"index","follow":"follow","max-snippet":"max-snippet:-1","max-image-preview":"max-image-preview:large","max-video-preview":"max-video-preview:-1"},"canonical":"https:\/\/pasjeoli.pl\/index.php\/2025\/04\/05\/lato-pelne-tajemnic-katarzyna-wierzbicka\/","og_locale":"pl_PL","og_type":"article","og_title":"Lato pe\u0142ne tajemnic - Katarzyna Wierzbicka | Pasje Oli","og_description":"\"Lato pe\u0142ne tajemnic\" to kontynuacja przyg\u00f3d Magdy i jej rodzinki na kampingu nad jeziorem w czasie letnich wakacji.","og_url":"https:\/\/pasjeoli.pl\/index.php\/2025\/04\/05\/lato-pelne-tajemnic-katarzyna-wierzbicka\/","og_site_name":"Pasje Oli","article_publisher":"https:\/\/www.facebook.com\/PasjOla-Planszowa-104986327782886","article_author":"https:\/\/www.facebook.com\/PasjOla-Planszowa-104986327782886","article_published_time":"2025-04-05T08:06:01+00:00","og_image":[{"width":1080,"height":1080,"url":"http:\/\/pasjeoli.pl\/wp-content\/uploads\/2025\/04\/LatoPelneTajemnic1.jpg","type":"image\/jpeg"}],"author":"PasjOla","twitter_card":"summary_large_image","twitter_misc":{"Napisane przez":"PasjOla","Szacowany czas czytania":"3 minuty"},"schema":{"@context":"https:\/\/schema.org","@graph":[{"@type":"Article","@id":"https:\/\/pasjeoli.pl\/index.php\/2025\/04\/05\/lato-pelne-tajemnic-katarzyna-wierzbicka\/#article","isPartOf":{"@id":"https:\/\/pasjeoli.pl\/index.php\/2025\/04\/05\/lato-pelne-tajemnic-katarzyna-wierzbicka\/"},"author":{"name":"PasjOla","@id":"https:\/\/pasjeoli.pl\/#\/schema\/person\/5170a61426bd1cff4c4c277af668c4ac"},"headline":"Lato pe\u0142ne tajemnic &#8211; Katarzyna Wierzbicka","datePublished":"2025-04-05T08:06:01+00:00","dateModified":"2025-04-05T08:06:01+00:00","mainEntityOfPage":{"@id":"https:\/\/pasjeoli.pl\/index.php\/2025\/04\/05\/lato-pelne-tajemnic-katarzyna-wierzbicka\/"},"wordCount":367,"publisher":{"@id":"https:\/\/pasjeoli.pl\/#\/schema\/person\/5170a61426bd1cff4c4c277af668c4ac"},"image":{"@id":"https:\/\/pasjeoli.pl\/index.php\/2025\/04\/05\/lato-pelne-tajemnic-katarzyna-wierzbicka\/#primaryimage"},"thumbnailUrl":"https:\/\/pasjeoli.pl\/wp-content\/uploads\/2025\/04\/LatoPelneTajemnic1.jpg","keywords":["fantastyka dzieci\u0119ca"],"articleSection":["Audiobook"],"inLanguage":"pl-PL"},{"@type":"WebPage","@id":"https:\/\/pasjeoli.pl\/index.php\/2025\/04\/05\/lato-pelne-tajemnic-katarzyna-wierzbicka\/","url":"https:\/\/pasjeoli.pl\/index.php\/2025\/04\/05\/lato-pelne-tajemnic-katarzyna-wierzbicka\/","name":"Lato pe\u0142ne tajemnic - Katarzyna Wierzbicka | Pasje Oli","isPartOf":{"@id":"https:\/\/pasjeoli.pl\/#website"},"primaryImageOfPage":{"@id":"https:\/\/pasjeoli.pl\/index.php\/2025\/04\/05\/lato-pelne-tajemnic-katarzyna-wierzbicka\/#primaryimage"},"image":{"@id":"https:\/\/pasjeoli.pl\/index.php\/2025\/04\/05\/lato-pelne-tajemnic-katarzyna-wierzbicka\/#primaryimage"},"thumbnailUrl":"https:\/\/pasjeoli.pl\/wp-content\/uploads\/2025\/04\/LatoPelneTajemnic1.jpg","datePublished":"2025-04-05T08:06:01+00:00","dateModified":"2025-04-05T08:06:01+00:00","description":"\"Lato pe\u0142ne tajemnic\" to kontynuacja przyg\u00f3d Magdy i jej rodzinki na kampingu nad jeziorem w czasie letnich wakacji.","breadcrumb":{"@id":"https:\/\/pasjeoli.pl\/index.php\/2025\/04\/05\/lato-pelne-tajemnic-katarzyna-wierzbicka\/#breadcrumb"},"inLanguage":"pl-PL","potentialAction":[{"@type":"ReadAction","target":["https:\/\/pasjeoli.pl\/index.php\/2025\/04\/05\/lato-pelne-tajemnic-katarzyna-wierzbicka\/"]}]},{"@type":"ImageObject","inLanguage":"pl-PL","@id":"https:\/\/pasjeoli.pl\/index.php\/2025\/04\/05\/lato-pelne-tajemnic-katarzyna-wierzbicka\/#primaryimage","url":"https:\/\/pasjeoli.pl\/wp-content\/uploads\/2025\/04\/LatoPelneTajemnic1.jpg","contentUrl":"https:\/\/pasjeoli.pl\/wp-content\/uploads\/2025\/04\/LatoPelneTajemnic1.jpg","width":1080,"height":1080,"caption":"Lato pe\u0142ne tajemnic - Katarzyna Wierzbicka"},{"@type":"BreadcrumbList","@id":"https:\/\/pasjeoli.pl\/index.php\/2025\/04\/05\/lato-pelne-tajemnic-katarzyna-wierzbicka\/#breadcrumb","itemListElement":[{"@type":"ListItem","position":1,"name":"Strona g\u0142\u00f3wna","item":"https:\/\/pasjeoli.pl\/"},{"@type":"ListItem","position":2,"name":"Lato pe\u0142ne tajemnic &#8211; Katarzyna Wierzbicka"}]},{"@type":"WebSite","@id":"https:\/\/pasjeoli.pl\/#website","url":"https:\/\/pasjeoli.pl\/","name":"Pasje Oli","description":"Gry planszowe i ksi\u0105\u017cki - opisy, wra\u017cenia, recenzje","publisher":{"@id":"https:\/\/pasjeoli.pl\/#\/schema\/person\/5170a61426bd1cff4c4c277af668c4ac"},"potentialAction":[{"@type":"SearchAction","target":{"@type":"EntryPoint","urlTemplate":"https:\/\/pasjeoli.pl\/?s={search_term_string}"},"query-input":{"@type":"PropertyValueSpecification","valueRequired":true,"valueName":"search_term_string"}}],"inLanguage":"pl-PL"},{"@type":["Person","Organization"],"@id":"https:\/\/pasjeoli.pl\/#\/schema\/person\/5170a61426bd1cff4c4c277af668c4ac","name":"PasjOla","image":{"@type":"ImageObject","inLanguage":"pl-PL","@id":"https:\/\/pasjeoli.pl\/#\/schema\/person\/image\/","url":"https:\/\/pasjeoli.pl\/wp-content\/uploads\/2022\/05\/PasjeOli4.png","contentUrl":"https:\/\/pasjeoli.pl\/wp-content\/uploads\/2022\/05\/PasjeOli4.png","width":500,"height":500,"caption":"PasjOla"},"logo":{"@id":"https:\/\/pasjeoli.pl\/#\/schema\/person\/image\/"},"description":"Jestem Ola, a moj\u0105 pasj\u0105 (no, jedn\u0105 z wielu) s\u0105 plansz\u00f3wki. W \u015bwiecie plansz\u00f3wkowym funkcjonuj\u0119 ponad 10 lat. Wszystko zacz\u0119\u0142o si\u0119 od po\u017cyczania gier od kolegi, a potem trafi\u0142am na jeden z pierwszych Pionk\u00f3w, organizowanych w MDK w Gliwicach. I plansz\u00f3wkowe hobby ca\u0142kowicie mnie wci\u0105gn\u0119\u0142o. Nadal, je\u015bli tylko mog\u0119, to je\u017cd\u017c\u0119 na konwenty, gdzie grywam nie tylko w zapowiedzi wydawnicze. Na Facebook'u wyst\u0119puj\u0119 jako PasjOla Planszowa. Znajdziecie mnie te\u017c na Instagramie jako OlaDanInsta Lubi\u0119 poznawa\u0107 nowe gry, ale ch\u0119tnie te\u017c wracam do starszych, sprawdzonych tytu\u0142\u00f3w, wi\u0119c bawi\u0119 si\u0119 z GRAnatowa Czelend\u017c i dzia\u0142am w kapitule tej grupy. A w 2020 roku do\u0142\u0105czy\u0142am do Kapitu\u0142y przyznaj\u0105cej presti\u017cow\u0105 nagrod\u0119: Planszowa Gra Roku. My\u015bl\u0119, \u017ce jakie\u015b do\u015bwiadczenie w plansz\u00f3wkach mam, wi\u0119c ch\u0119tnie si\u0119 moj\u0105 wiedz\u0105 i przemy\u015bleniami z Wami podziel\u0119. Zapraszam do czytania i komentowania \ud83d\ude0a","sameAs":["http:\/\/pasjeoli.pl","https:\/\/www.facebook.com\/PasjOla-Planszowa-104986327782886","https:\/\/instagram.com\/oladaninsta"]}]}},"_links":{"self":[{"href":"https:\/\/pasjeoli.pl\/index.php\/wp-json\/wp\/v2\/posts\/5679"}],"collection":[{"href":"https:\/\/pasjeoli.pl\/index.php\/wp-json\/wp\/v2\/posts"}],"about":[{"href":"https:\/\/pasjeoli.pl\/index.php\/wp-json\/wp\/v2\/types\/post"}],"author":[{"embeddable":true,"href":"https:\/\/pasjeoli.pl\/index.php\/wp-json\/wp\/v2\/users\/1"}],"replies":[{"embeddable":true,"href":"https:\/\/pasjeoli.pl\/index.php\/wp-json\/wp\/v2\/comments?post=5679"}],"version-history":[{"count":8,"href":"https:\/\/pasjeoli.pl\/index.php\/wp-json\/wp\/v2\/posts\/5679\/revisions"}],"predecessor-version":[{"id":5689,"href":"https:\/\/pasjeoli.pl\/index.php\/wp-json\/wp\/v2\/posts\/5679\/revisions\/5689"}],"wp:featuredmedia":[{"embeddable":true,"href":"https:\/\/pasjeoli.pl\/index.php\/wp-json\/wp\/v2\/media\/5687"}],"wp:attachment":[{"href":"https:\/\/pasjeoli.pl\/index.php\/wp-json\/wp\/v2\/media?parent=5679"}],"wp:term":[{"taxonomy":"category","embeddable":true,"href":"https:\/\/pasjeoli.pl\/index.php\/wp-json\/wp\/v2\/categories?post=5679"},{"taxonomy":"post_tag","embeddable":true,"href":"https:\/\/pasjeoli.pl\/index.php\/wp-json\/wp\/v2\/tags?post=5679"}],"curies":[{"name":"wp","href":"https:\/\/api.w.org\/{rel}","templated":true}]}}