{"id":5801,"date":"2025-05-07T21:38:50","date_gmt":"2025-05-07T19:38:50","guid":{"rendered":"https:\/\/pasjeoli.pl\/?p=5801"},"modified":"2025-05-07T21:38:50","modified_gmt":"2025-05-07T19:38:50","slug":"zima-w-zapomnianym-schronisku-julia-furmaniak","status":"publish","type":"post","link":"https:\/\/pasjeoli.pl\/index.php\/2025\/05\/07\/zima-w-zapomnianym-schronisku-julia-furmaniak\/","title":{"rendered":"Zima w zapomnianym schronisku &#8211; Julia Furmaniak"},"content":{"rendered":"\n<p>36\/2025 <strong>&#8222;Zima w zapomnianym schronisku&#8221; <em>Julia Furmaniak<\/em><\/strong><\/p>\n\n\n\n<p>To smutna historia, w kt\u00f3rej strata bliskiej osoby k\u0142adzie si\u0119 cieniem na \u017cycie bohater\u00f3w.<\/p>\n\n\n\n<p>Grupka przyjaci\u00f3\u0142 postanawia wybra\u0107 si\u0119 w g\u00f3ry do schroniska Samotnia, by uczci\u0107 pami\u0119\u0107 kolegi, kt\u00f3ry zgin\u0105\u0142 pod lawin\u0105 \u015bnie\u017cn\u0105 dwa lata temu. Jest to szczeg\u00f3lny czas, bo zbli\u017ca si\u0119 Bo\u017ce Narodzenie. W g\u00f3rach zn\u00f3w jest mn\u00f3stwo \u015bniegu i jest mro\u017anie. A kilka dni, kt\u00f3re maj\u0105 sp\u0119dzi\u0107 w ukochanym schronisku Micha\u0142a, wydaje si\u0119 jego przyjacio\u0142om znakomitym pomys\u0142em. Jednak uraz, kt\u00f3remu ulega Monika, narzeczona Micha\u0142a, powoduje, \u017ce m\u0142odzi ludzie musz\u0105 zatrzyma\u0107 si\u0119 w w\u0119dr\u00f3wce do celu. Natrafiaj\u0105 na opuszczone schronisko, w kt\u00f3rym znajduj\u0105 schronienie dzi\u0119ki uprzejmo\u015bci w\u0142a\u015bciciela. Teraz ten dom jest prywatny i ju\u017c nie przyjmuje go\u015bci ze szlaku. W obliczu trudnych okoliczno\u015bci przyrody Rafa\u0142 robi jednak dla nich wyj\u0105tek. Wkr\u00f3tce okazuje si\u0119, \u017ce stara chata skrywa smutn\u0105 tajemnic\u0119.<\/p>\n\n\n\n<p>Monika odpoczywa i z zachwytem odkrywa uroki zimy w g\u00f3rach. W dodatku zapomniane schronisko jest niezwykle uroczym miejscem, a w\u0142a\u015bciciel to bardzo mi\u0142y m\u0119\u017cczyzna. Dziewczyna wydaje si\u0119 dobrze z nim dogadywa\u0107. Te spokojne chwile burz\u0105 jednak s\u0142owa najbli\u017cszego przyjaciela Micha\u0142a, Aleksandra, kt\u00f3remu nie w smak jest to, \u017ce nie mog\u0105 i\u015b\u0107 dalej, do celu podr\u00f3\u017cy.<\/p>\n\n\n\n<p>Czy przyjacio\u0142om uda si\u0119 zrealizowa\u0107 plan?<\/p>\n\n\n\n<p>&#8222;Zima w zapomnianym schronisku&#8221; to pierwsza cz\u0119\u015b\u0107 historii. I to wida\u0107. Poznajemy bohater\u00f3w, to, co si\u0119 im przydarzy\u0142o, jakie relacje \u0142\u0105czy\u0142y m\u0142ode osoby ze zmar\u0142ym koleg\u0105. Dowiadujemy si\u0119 te\u017c co wydarzy\u0142o si\u0119 w starej chacie i jak\u0105 tajemnic\u0119 skrywa Rafa\u0142. Jednak ko\u0144c\u00f3wka ksi\u0105\u017cki pokaza\u0142a, \u017ce m\u0119\u017cczyzna mia\u0142 co innego na my\u015bli ni\u017c to, czego domy\u015bli\u0142a si\u0119 Monika. Lektura ko\u0144czy si\u0119 niespodziewanie, bez jakiego\u015b zamkni\u0119cia w\u0105tku. Nie pozostaje mi nic innego jak si\u0119gn\u0105\u0107 po kolejn\u0105 cz\u0119\u015b\u0107 i  pozna\u0107  dalsze losy Rafa\u0142a, Moniki, Aleksandra i Weroniki.<\/p>\n\n\n\n<p><\/p>\n\n\n\n<p><strong>MOJA OCENA: 6\/10<\/strong><\/p>\n\n\n\n<p><a href=\"https:\/\/www.wydawnictwofilia.pl\/\" target=\"_blank\" rel=\"noreferrer noopener\">Wydawnictwo Filia<\/a><\/p>\n\n\n\n<p>O innej obyczaj\u00f3wce pisa\u0142am <a href=\"https:\/\/pasjeoli.pl\/index.php\/2025\/02\/24\/sklepik-ze-slodkimi-marzeniami-hannah-lynn\/\" target=\"_blank\" rel=\"noreferrer noopener\">TUTAJ<\/a>.<\/p>\n","protected":false},"excerpt":{"rendered":"<p>&#8222;Zima w Zapomnianym Schronisku&#8221; to opowie\u015b\u0107 o tym, jak ci\u0119\u017cko jest \u017cy\u0107 po odej\u015bciu ukochanej osoby i z czym trzeba sobie radzi\u0107.<\/p>\n","protected":false},"author":1,"featured_media":5804,"comment_status":"closed","ping_status":"closed","sticky":false,"template":"","format":"standard","meta":{"footnotes":""},"categories":[130],"tags":[107],"yoast_head":"<!-- This site is optimized with the Yoast SEO plugin v23.4 - https:\/\/yoast.com\/wordpress\/plugins\/seo\/ -->\n<title>Zima w zapomnianym schronisku - Julia Furmaniak | Pasje Oli<\/title>\n<meta name=\"description\" content=\"&quot;Zima w Zapomnianym Schronisku&quot; to opowie\u015b\u0107 o tym, jak ci\u0119\u017cko jest \u017cy\u0107 po odej\u015bciu ukochanej osoby i z czym trzeba sobie radzi\u0107.\" \/>\n<meta name=\"robots\" content=\"index, follow, max-snippet:-1, max-image-preview:large, max-video-preview:-1\" \/>\n<link rel=\"canonical\" href=\"https:\/\/pasjeoli.pl\/index.php\/2025\/05\/07\/zima-w-zapomnianym-schronisku-julia-furmaniak\/\" \/>\n<meta property=\"og:locale\" content=\"pl_PL\" \/>\n<meta property=\"og:type\" content=\"article\" \/>\n<meta property=\"og:title\" content=\"Zima w zapomnianym schronisku - Julia Furmaniak | Pasje Oli\" \/>\n<meta property=\"og:description\" content=\"&quot;Zima w Zapomnianym Schronisku&quot; to opowie\u015b\u0107 o tym, jak ci\u0119\u017cko jest \u017cy\u0107 po odej\u015bciu ukochanej osoby i z czym trzeba sobie radzi\u0107.\" \/>\n<meta property=\"og:url\" content=\"https:\/\/pasjeoli.pl\/index.php\/2025\/05\/07\/zima-w-zapomnianym-schronisku-julia-furmaniak\/\" \/>\n<meta property=\"og:site_name\" content=\"Pasje Oli\" \/>\n<meta property=\"article:publisher\" content=\"https:\/\/www.facebook.com\/PasjOla-Planszowa-104986327782886\" \/>\n<meta property=\"article:author\" content=\"https:\/\/www.facebook.com\/PasjOla-Planszowa-104986327782886\" \/>\n<meta property=\"article:published_time\" content=\"2025-05-07T19:38:50+00:00\" \/>\n<meta property=\"og:image\" content=\"http:\/\/pasjeoli.pl\/wp-content\/uploads\/2025\/05\/ZimaWZapomnianymSchronisku1.jpg\" \/>\n\t<meta property=\"og:image:width\" content=\"1080\" \/>\n\t<meta property=\"og:image:height\" content=\"1080\" \/>\n\t<meta property=\"og:image:type\" content=\"image\/jpeg\" \/>\n<meta name=\"author\" content=\"PasjOla\" \/>\n<meta name=\"twitter:card\" content=\"summary_large_image\" \/>\n<meta name=\"twitter:label1\" content=\"Napisane przez\" \/>\n\t<meta name=\"twitter:data1\" content=\"PasjOla\" \/>\n\t<meta name=\"twitter:label2\" content=\"Szacowany czas czytania\" \/>\n\t<meta name=\"twitter:data2\" content=\"2 minuty\" \/>\n<script type=\"application\/ld+json\" class=\"yoast-schema-graph\">{\"@context\":\"https:\/\/schema.org\",\"@graph\":[{\"@type\":\"Article\",\"@id\":\"https:\/\/pasjeoli.pl\/index.php\/2025\/05\/07\/zima-w-zapomnianym-schronisku-julia-furmaniak\/#article\",\"isPartOf\":{\"@id\":\"https:\/\/pasjeoli.pl\/index.php\/2025\/05\/07\/zima-w-zapomnianym-schronisku-julia-furmaniak\/\"},\"author\":{\"name\":\"PasjOla\",\"@id\":\"https:\/\/pasjeoli.pl\/#\/schema\/person\/5170a61426bd1cff4c4c277af668c4ac\"},\"headline\":\"Zima w zapomnianym schronisku &#8211; Julia Furmaniak\",\"datePublished\":\"2025-05-07T19:38:50+00:00\",\"dateModified\":\"2025-05-07T19:38:50+00:00\",\"mainEntityOfPage\":{\"@id\":\"https:\/\/pasjeoli.pl\/index.php\/2025\/05\/07\/zima-w-zapomnianym-schronisku-julia-furmaniak\/\"},\"wordCount\":362,\"publisher\":{\"@id\":\"https:\/\/pasjeoli.pl\/#\/schema\/person\/5170a61426bd1cff4c4c277af668c4ac\"},\"image\":{\"@id\":\"https:\/\/pasjeoli.pl\/index.php\/2025\/05\/07\/zima-w-zapomnianym-schronisku-julia-furmaniak\/#primaryimage\"},\"thumbnailUrl\":\"https:\/\/pasjeoli.pl\/wp-content\/uploads\/2025\/05\/ZimaWZapomnianymSchronisku1.jpg\",\"keywords\":[\"literatura obyczajowa\"],\"articleSection\":[\"Audiobook\"],\"inLanguage\":\"pl-PL\"},{\"@type\":\"WebPage\",\"@id\":\"https:\/\/pasjeoli.pl\/index.php\/2025\/05\/07\/zima-w-zapomnianym-schronisku-julia-furmaniak\/\",\"url\":\"https:\/\/pasjeoli.pl\/index.php\/2025\/05\/07\/zima-w-zapomnianym-schronisku-julia-furmaniak\/\",\"name\":\"Zima w zapomnianym schronisku - Julia Furmaniak | Pasje Oli\",\"isPartOf\":{\"@id\":\"https:\/\/pasjeoli.pl\/#website\"},\"primaryImageOfPage\":{\"@id\":\"https:\/\/pasjeoli.pl\/index.php\/2025\/05\/07\/zima-w-zapomnianym-schronisku-julia-furmaniak\/#primaryimage\"},\"image\":{\"@id\":\"https:\/\/pasjeoli.pl\/index.php\/2025\/05\/07\/zima-w-zapomnianym-schronisku-julia-furmaniak\/#primaryimage\"},\"thumbnailUrl\":\"https:\/\/pasjeoli.pl\/wp-content\/uploads\/2025\/05\/ZimaWZapomnianymSchronisku1.jpg\",\"datePublished\":\"2025-05-07T19:38:50+00:00\",\"dateModified\":\"2025-05-07T19:38:50+00:00\",\"description\":\"\\\"Zima w Zapomnianym Schronisku\\\" to opowie\u015b\u0107 o tym, jak ci\u0119\u017cko jest \u017cy\u0107 po odej\u015bciu ukochanej osoby i z czym trzeba sobie radzi\u0107.\",\"breadcrumb\":{\"@id\":\"https:\/\/pasjeoli.pl\/index.php\/2025\/05\/07\/zima-w-zapomnianym-schronisku-julia-furmaniak\/#breadcrumb\"},\"inLanguage\":\"pl-PL\",\"potentialAction\":[{\"@type\":\"ReadAction\",\"target\":[\"https:\/\/pasjeoli.pl\/index.php\/2025\/05\/07\/zima-w-zapomnianym-schronisku-julia-furmaniak\/\"]}]},{\"@type\":\"ImageObject\",\"inLanguage\":\"pl-PL\",\"@id\":\"https:\/\/pasjeoli.pl\/index.php\/2025\/05\/07\/zima-w-zapomnianym-schronisku-julia-furmaniak\/#primaryimage\",\"url\":\"https:\/\/pasjeoli.pl\/wp-content\/uploads\/2025\/05\/ZimaWZapomnianymSchronisku1.jpg\",\"contentUrl\":\"https:\/\/pasjeoli.pl\/wp-content\/uploads\/2025\/05\/ZimaWZapomnianymSchronisku1.jpg\",\"width\":1080,\"height\":1080,\"caption\":\"Zima w Zapomnianym Schronisku - Julia Furmaniak\"},{\"@type\":\"BreadcrumbList\",\"@id\":\"https:\/\/pasjeoli.pl\/index.php\/2025\/05\/07\/zima-w-zapomnianym-schronisku-julia-furmaniak\/#breadcrumb\",\"itemListElement\":[{\"@type\":\"ListItem\",\"position\":1,\"name\":\"Strona g\u0142\u00f3wna\",\"item\":\"https:\/\/pasjeoli.pl\/\"},{\"@type\":\"ListItem\",\"position\":2,\"name\":\"Zima w zapomnianym schronisku &#8211; Julia Furmaniak\"}]},{\"@type\":\"WebSite\",\"@id\":\"https:\/\/pasjeoli.pl\/#website\",\"url\":\"https:\/\/pasjeoli.pl\/\",\"name\":\"Pasje Oli\",\"description\":\"Gry planszowe i ksi\u0105\u017cki - opisy, wra\u017cenia, recenzje\",\"publisher\":{\"@id\":\"https:\/\/pasjeoli.pl\/#\/schema\/person\/5170a61426bd1cff4c4c277af668c4ac\"},\"potentialAction\":[{\"@type\":\"SearchAction\",\"target\":{\"@type\":\"EntryPoint\",\"urlTemplate\":\"https:\/\/pasjeoli.pl\/?s={search_term_string}\"},\"query-input\":{\"@type\":\"PropertyValueSpecification\",\"valueRequired\":true,\"valueName\":\"search_term_string\"}}],\"inLanguage\":\"pl-PL\"},{\"@type\":[\"Person\",\"Organization\"],\"@id\":\"https:\/\/pasjeoli.pl\/#\/schema\/person\/5170a61426bd1cff4c4c277af668c4ac\",\"name\":\"PasjOla\",\"image\":{\"@type\":\"ImageObject\",\"inLanguage\":\"pl-PL\",\"@id\":\"https:\/\/pasjeoli.pl\/#\/schema\/person\/image\/\",\"url\":\"https:\/\/pasjeoli.pl\/wp-content\/uploads\/2022\/05\/PasjeOli4.png\",\"contentUrl\":\"https:\/\/pasjeoli.pl\/wp-content\/uploads\/2022\/05\/PasjeOli4.png\",\"width\":500,\"height\":500,\"caption\":\"PasjOla\"},\"logo\":{\"@id\":\"https:\/\/pasjeoli.pl\/#\/schema\/person\/image\/\"},\"description\":\"Jestem Ola, a moj\u0105 pasj\u0105 (no, jedn\u0105 z wielu) s\u0105 plansz\u00f3wki. W \u015bwiecie plansz\u00f3wkowym funkcjonuj\u0119 ponad 10 lat. Wszystko zacz\u0119\u0142o si\u0119 od po\u017cyczania gier od kolegi, a potem trafi\u0142am na jeden z pierwszych Pionk\u00f3w, organizowanych w MDK w Gliwicach. I plansz\u00f3wkowe hobby ca\u0142kowicie mnie wci\u0105gn\u0119\u0142o. Nadal, je\u015bli tylko mog\u0119, to je\u017cd\u017c\u0119 na konwenty, gdzie grywam nie tylko w zapowiedzi wydawnicze. Na Facebook'u wyst\u0119puj\u0119 jako PasjOla Planszowa. Znajdziecie mnie te\u017c na Instagramie jako OlaDanInsta Lubi\u0119 poznawa\u0107 nowe gry, ale ch\u0119tnie te\u017c wracam do starszych, sprawdzonych tytu\u0142\u00f3w, wi\u0119c bawi\u0119 si\u0119 z GRAnatowa Czelend\u017c i dzia\u0142am w kapitule tej grupy. A w 2020 roku do\u0142\u0105czy\u0142am do Kapitu\u0142y przyznaj\u0105cej presti\u017cow\u0105 nagrod\u0119: Planszowa Gra Roku. My\u015bl\u0119, \u017ce jakie\u015b do\u015bwiadczenie w plansz\u00f3wkach mam, wi\u0119c ch\u0119tnie si\u0119 moj\u0105 wiedz\u0105 i przemy\u015bleniami z Wami podziel\u0119. Zapraszam do czytania i komentowania \ud83d\ude0a\",\"sameAs\":[\"http:\/\/pasjeoli.pl\",\"https:\/\/www.facebook.com\/PasjOla-Planszowa-104986327782886\",\"https:\/\/instagram.com\/oladaninsta\"]}]}<\/script>\n<!-- \/ Yoast SEO plugin. -->","yoast_head_json":{"title":"Zima w zapomnianym schronisku - Julia Furmaniak | Pasje Oli","description":"\"Zima w Zapomnianym Schronisku\" to opowie\u015b\u0107 o tym, jak ci\u0119\u017cko jest \u017cy\u0107 po odej\u015bciu ukochanej osoby i z czym trzeba sobie radzi\u0107.","robots":{"index":"index","follow":"follow","max-snippet":"max-snippet:-1","max-image-preview":"max-image-preview:large","max-video-preview":"max-video-preview:-1"},"canonical":"https:\/\/pasjeoli.pl\/index.php\/2025\/05\/07\/zima-w-zapomnianym-schronisku-julia-furmaniak\/","og_locale":"pl_PL","og_type":"article","og_title":"Zima w zapomnianym schronisku - Julia Furmaniak | Pasje Oli","og_description":"\"Zima w Zapomnianym Schronisku\" to opowie\u015b\u0107 o tym, jak ci\u0119\u017cko jest \u017cy\u0107 po odej\u015bciu ukochanej osoby i z czym trzeba sobie radzi\u0107.","og_url":"https:\/\/pasjeoli.pl\/index.php\/2025\/05\/07\/zima-w-zapomnianym-schronisku-julia-furmaniak\/","og_site_name":"Pasje Oli","article_publisher":"https:\/\/www.facebook.com\/PasjOla-Planszowa-104986327782886","article_author":"https:\/\/www.facebook.com\/PasjOla-Planszowa-104986327782886","article_published_time":"2025-05-07T19:38:50+00:00","og_image":[{"width":1080,"height":1080,"url":"http:\/\/pasjeoli.pl\/wp-content\/uploads\/2025\/05\/ZimaWZapomnianymSchronisku1.jpg","type":"image\/jpeg"}],"author":"PasjOla","twitter_card":"summary_large_image","twitter_misc":{"Napisane przez":"PasjOla","Szacowany czas czytania":"2 minuty"},"schema":{"@context":"https:\/\/schema.org","@graph":[{"@type":"Article","@id":"https:\/\/pasjeoli.pl\/index.php\/2025\/05\/07\/zima-w-zapomnianym-schronisku-julia-furmaniak\/#article","isPartOf":{"@id":"https:\/\/pasjeoli.pl\/index.php\/2025\/05\/07\/zima-w-zapomnianym-schronisku-julia-furmaniak\/"},"author":{"name":"PasjOla","@id":"https:\/\/pasjeoli.pl\/#\/schema\/person\/5170a61426bd1cff4c4c277af668c4ac"},"headline":"Zima w zapomnianym schronisku &#8211; Julia Furmaniak","datePublished":"2025-05-07T19:38:50+00:00","dateModified":"2025-05-07T19:38:50+00:00","mainEntityOfPage":{"@id":"https:\/\/pasjeoli.pl\/index.php\/2025\/05\/07\/zima-w-zapomnianym-schronisku-julia-furmaniak\/"},"wordCount":362,"publisher":{"@id":"https:\/\/pasjeoli.pl\/#\/schema\/person\/5170a61426bd1cff4c4c277af668c4ac"},"image":{"@id":"https:\/\/pasjeoli.pl\/index.php\/2025\/05\/07\/zima-w-zapomnianym-schronisku-julia-furmaniak\/#primaryimage"},"thumbnailUrl":"https:\/\/pasjeoli.pl\/wp-content\/uploads\/2025\/05\/ZimaWZapomnianymSchronisku1.jpg","keywords":["literatura obyczajowa"],"articleSection":["Audiobook"],"inLanguage":"pl-PL"},{"@type":"WebPage","@id":"https:\/\/pasjeoli.pl\/index.php\/2025\/05\/07\/zima-w-zapomnianym-schronisku-julia-furmaniak\/","url":"https:\/\/pasjeoli.pl\/index.php\/2025\/05\/07\/zima-w-zapomnianym-schronisku-julia-furmaniak\/","name":"Zima w zapomnianym schronisku - Julia Furmaniak | Pasje Oli","isPartOf":{"@id":"https:\/\/pasjeoli.pl\/#website"},"primaryImageOfPage":{"@id":"https:\/\/pasjeoli.pl\/index.php\/2025\/05\/07\/zima-w-zapomnianym-schronisku-julia-furmaniak\/#primaryimage"},"image":{"@id":"https:\/\/pasjeoli.pl\/index.php\/2025\/05\/07\/zima-w-zapomnianym-schronisku-julia-furmaniak\/#primaryimage"},"thumbnailUrl":"https:\/\/pasjeoli.pl\/wp-content\/uploads\/2025\/05\/ZimaWZapomnianymSchronisku1.jpg","datePublished":"2025-05-07T19:38:50+00:00","dateModified":"2025-05-07T19:38:50+00:00","description":"\"Zima w Zapomnianym Schronisku\" to opowie\u015b\u0107 o tym, jak ci\u0119\u017cko jest \u017cy\u0107 po odej\u015bciu ukochanej osoby i z czym trzeba sobie radzi\u0107.","breadcrumb":{"@id":"https:\/\/pasjeoli.pl\/index.php\/2025\/05\/07\/zima-w-zapomnianym-schronisku-julia-furmaniak\/#breadcrumb"},"inLanguage":"pl-PL","potentialAction":[{"@type":"ReadAction","target":["https:\/\/pasjeoli.pl\/index.php\/2025\/05\/07\/zima-w-zapomnianym-schronisku-julia-furmaniak\/"]}]},{"@type":"ImageObject","inLanguage":"pl-PL","@id":"https:\/\/pasjeoli.pl\/index.php\/2025\/05\/07\/zima-w-zapomnianym-schronisku-julia-furmaniak\/#primaryimage","url":"https:\/\/pasjeoli.pl\/wp-content\/uploads\/2025\/05\/ZimaWZapomnianymSchronisku1.jpg","contentUrl":"https:\/\/pasjeoli.pl\/wp-content\/uploads\/2025\/05\/ZimaWZapomnianymSchronisku1.jpg","width":1080,"height":1080,"caption":"Zima w Zapomnianym Schronisku - Julia Furmaniak"},{"@type":"BreadcrumbList","@id":"https:\/\/pasjeoli.pl\/index.php\/2025\/05\/07\/zima-w-zapomnianym-schronisku-julia-furmaniak\/#breadcrumb","itemListElement":[{"@type":"ListItem","position":1,"name":"Strona g\u0142\u00f3wna","item":"https:\/\/pasjeoli.pl\/"},{"@type":"ListItem","position":2,"name":"Zima w zapomnianym schronisku &#8211; Julia Furmaniak"}]},{"@type":"WebSite","@id":"https:\/\/pasjeoli.pl\/#website","url":"https:\/\/pasjeoli.pl\/","name":"Pasje Oli","description":"Gry planszowe i ksi\u0105\u017cki - opisy, wra\u017cenia, recenzje","publisher":{"@id":"https:\/\/pasjeoli.pl\/#\/schema\/person\/5170a61426bd1cff4c4c277af668c4ac"},"potentialAction":[{"@type":"SearchAction","target":{"@type":"EntryPoint","urlTemplate":"https:\/\/pasjeoli.pl\/?s={search_term_string}"},"query-input":{"@type":"PropertyValueSpecification","valueRequired":true,"valueName":"search_term_string"}}],"inLanguage":"pl-PL"},{"@type":["Person","Organization"],"@id":"https:\/\/pasjeoli.pl\/#\/schema\/person\/5170a61426bd1cff4c4c277af668c4ac","name":"PasjOla","image":{"@type":"ImageObject","inLanguage":"pl-PL","@id":"https:\/\/pasjeoli.pl\/#\/schema\/person\/image\/","url":"https:\/\/pasjeoli.pl\/wp-content\/uploads\/2022\/05\/PasjeOli4.png","contentUrl":"https:\/\/pasjeoli.pl\/wp-content\/uploads\/2022\/05\/PasjeOli4.png","width":500,"height":500,"caption":"PasjOla"},"logo":{"@id":"https:\/\/pasjeoli.pl\/#\/schema\/person\/image\/"},"description":"Jestem Ola, a moj\u0105 pasj\u0105 (no, jedn\u0105 z wielu) s\u0105 plansz\u00f3wki. W \u015bwiecie plansz\u00f3wkowym funkcjonuj\u0119 ponad 10 lat. Wszystko zacz\u0119\u0142o si\u0119 od po\u017cyczania gier od kolegi, a potem trafi\u0142am na jeden z pierwszych Pionk\u00f3w, organizowanych w MDK w Gliwicach. I plansz\u00f3wkowe hobby ca\u0142kowicie mnie wci\u0105gn\u0119\u0142o. Nadal, je\u015bli tylko mog\u0119, to je\u017cd\u017c\u0119 na konwenty, gdzie grywam nie tylko w zapowiedzi wydawnicze. Na Facebook'u wyst\u0119puj\u0119 jako PasjOla Planszowa. Znajdziecie mnie te\u017c na Instagramie jako OlaDanInsta Lubi\u0119 poznawa\u0107 nowe gry, ale ch\u0119tnie te\u017c wracam do starszych, sprawdzonych tytu\u0142\u00f3w, wi\u0119c bawi\u0119 si\u0119 z GRAnatowa Czelend\u017c i dzia\u0142am w kapitule tej grupy. A w 2020 roku do\u0142\u0105czy\u0142am do Kapitu\u0142y przyznaj\u0105cej presti\u017cow\u0105 nagrod\u0119: Planszowa Gra Roku. My\u015bl\u0119, \u017ce jakie\u015b do\u015bwiadczenie w plansz\u00f3wkach mam, wi\u0119c ch\u0119tnie si\u0119 moj\u0105 wiedz\u0105 i przemy\u015bleniami z Wami podziel\u0119. Zapraszam do czytania i komentowania \ud83d\ude0a","sameAs":["http:\/\/pasjeoli.pl","https:\/\/www.facebook.com\/PasjOla-Planszowa-104986327782886","https:\/\/instagram.com\/oladaninsta"]}]}},"_links":{"self":[{"href":"https:\/\/pasjeoli.pl\/index.php\/wp-json\/wp\/v2\/posts\/5801"}],"collection":[{"href":"https:\/\/pasjeoli.pl\/index.php\/wp-json\/wp\/v2\/posts"}],"about":[{"href":"https:\/\/pasjeoli.pl\/index.php\/wp-json\/wp\/v2\/types\/post"}],"author":[{"embeddable":true,"href":"https:\/\/pasjeoli.pl\/index.php\/wp-json\/wp\/v2\/users\/1"}],"replies":[{"embeddable":true,"href":"https:\/\/pasjeoli.pl\/index.php\/wp-json\/wp\/v2\/comments?post=5801"}],"version-history":[{"count":8,"href":"https:\/\/pasjeoli.pl\/index.php\/wp-json\/wp\/v2\/posts\/5801\/revisions"}],"predecessor-version":[{"id":5811,"href":"https:\/\/pasjeoli.pl\/index.php\/wp-json\/wp\/v2\/posts\/5801\/revisions\/5811"}],"wp:featuredmedia":[{"embeddable":true,"href":"https:\/\/pasjeoli.pl\/index.php\/wp-json\/wp\/v2\/media\/5804"}],"wp:attachment":[{"href":"https:\/\/pasjeoli.pl\/index.php\/wp-json\/wp\/v2\/media?parent=5801"}],"wp:term":[{"taxonomy":"category","embeddable":true,"href":"https:\/\/pasjeoli.pl\/index.php\/wp-json\/wp\/v2\/categories?post=5801"},{"taxonomy":"post_tag","embeddable":true,"href":"https:\/\/pasjeoli.pl\/index.php\/wp-json\/wp\/v2\/tags?post=5801"}],"curies":[{"name":"wp","href":"https:\/\/api.w.org\/{rel}","templated":true}]}}