{"id":5813,"date":"2025-05-08T17:48:02","date_gmt":"2025-05-08T15:48:02","guid":{"rendered":"https:\/\/pasjeoli.pl\/?p=5813"},"modified":"2025-05-08T17:48:03","modified_gmt":"2025-05-08T15:48:03","slug":"denat-wieczorowa-pora-aneta-jadowska","status":"publish","type":"post","link":"https:\/\/pasjeoli.pl\/index.php\/2025\/05\/08\/denat-wieczorowa-pora-aneta-jadowska\/","title":{"rendered":"Denat wieczorow\u0105 por\u0105 &#8211; Aneta Jadowska"},"content":{"rendered":"\n<p>37\/2025 <strong>&#8222;Denat wieczorow\u0105 por\u0105&#8221; <em>Aneta jadowska<\/em><\/strong><\/p>\n\n\n\n<p>To ju\u017c ostatnia cz\u0119\u015b\u0107 cyklu o Garstkach z Ustki. Tym razem historia kr\u0119ci si\u0119 wok\u00f3\u0142 Marii Garstki, jej przesz\u0142o\u015bci i tajemnic, kt\u00f3re skrywa\u0142a przed bliskimi. W tym tomie r\u00f3wnie\u017c nie zabraknie trupa. Na szcz\u0119\u015bcie fragmenty, w kt\u00f3rych si\u0119 pojawia s\u0105 nieco humorystyczne za spraw\u0105 przyjaci\u00f3\u0142ki starszej pani, Anieli Grzeba\u0142ko. Jednak i w tej lekturze b\u0119dzie sporo rzeczy smutnych i przejmuj\u0105cych, trudnych i niewygodnych temat\u00f3w.<\/p>\n\n\n\n<p>Pensjonat Wielka Nied\u017awiedzica przyci\u0105ga czasami dziwnych go\u015bci. Nie inaczej jest tym razem. Jest pocz\u0105tek stycznia,  \u015bnie\u017cnie, mro\u017ano i wietrznie. Noworoczni go\u015bcie ju\u017c wyjechali, jest wi\u0119c wiele wolnych pokoi. Zjawia si\u0119 tu pewna niezbyt sympatyczna kobieta, kt\u00f3ra pochodzi z Ustki. Zofia Szyszka wydaje si\u0119 zna\u0107 Mari\u0119 Garstk\u0119, ta jednak nie rozpoznaje kobiety. W dodatku Aniela Grzeba\u0142ko, przyjaci\u00f3\u0142ka babci Magdy musi chwilowo zamieszka\u0107 w pensjonacie. Zaczyna si\u0119 wi\u0119c robi\u0107 niecodziennie. A gdy wszystkie panie dostaj\u0105 anonimowe zaproszenie na Bal Tajemnic do opuszczonego o tej porze roku miejsca, staje si\u0119 intryguj\u0105co, ale zarazem niepokoj\u0105co. Na miejscu okazuje si\u0119, \u017ce opr\u00f3cz pa\u0144 zaproszenia dostali inni go\u015bcie, osoby dobrze znane Marii. Warunki jakie towarzysz\u0105 spotkaniu s\u0105 niecodzienne, wi\u0119c panuje napi\u0119ta atmosfera.<\/p>\n\n\n\n<p>Co szykuje gospodarz balu? Jakie tajemnice zostan\u0105 ujawnione? Czy Maria zapomni o z\u0142ym baga\u017cu do\u015bwiadcze\u0144?<\/p>\n\n\n\n<p>&#8222;Denat wieczorow\u0105 por\u0105&#8221; to ostatni tom serii, wi\u0119c autorka udzieli\u0142a odpowiedzi na wszystkie pytania i zako\u0144czy\u0142a w\u0105tki. Jak w poprzednich dw\u00f3ch tomach mamy lekki krymina\u0142. Ci\u0119\u017caru dodaj\u0105 do\u015bwiadczenia Marii i jej podopiecznych. Po raz kolejny autorka pokazuje jak radz\u0105 sobie ofiary przemocy psychicznej i fizycznej po traumatycznych prze\u017cyciach. Jak silne potrafi\u0105 to by\u0107 osoby, cho\u0107 i ich wytrzyma\u0142o\u015b\u0107 jest ograniczona. I jak potrafi\u0105 si\u0119 odmieni\u0107, gdy kto\u015b wyci\u0105gnie do nich pomocn\u0105 d\u0142o\u0144. W\u0105tki kryminalne i  obyczajowe okraszone s\u0105 humorem, co dodaje lekko\u015bci powie\u015bci. To by\u0142a ca\u0142kiem przyjemna lektura.<\/p>\n\n\n\n<p><\/p>\n\n\n\n<p><strong>MOJA OCENA: 7\/10<\/strong><\/p>\n\n\n\n<p><a href=\"https:\/\/www.wsqn.pl\/\" target=\"_blank\" rel=\"noreferrer noopener\">Wydawnictwo SQN<\/a><\/p>\n\n\n\n<p><a href=\"https:\/\/pasjeoli.pl\/index.php\/2025\/05\/05\/martwy-sezon-aneta-jadowska\/\" target=\"_blank\" rel=\"noreferrer noopener\">TUTAJ<\/a> pisa\u0142am o cz\u0119\u015bci drugiej.<\/p>\n","protected":false},"excerpt":{"rendered":"<p>&#8222;Denat wieczorow\u0105 por\u0105&#8221; to ostatni tom cyklu o Garstkach z Ustki. Tym razem g\u0142\u00f3wn\u0105 bohaterk\u0105 jest Maria Garstka, babcia Magdy.<\/p>\n","protected":false},"author":1,"featured_media":5818,"comment_status":"closed","ping_status":"closed","sticky":false,"template":"","format":"standard","meta":{"footnotes":""},"categories":[108],"tags":[106],"yoast_head":"<!-- This site is optimized with the Yoast SEO plugin v23.4 - https:\/\/yoast.com\/wordpress\/plugins\/seo\/ -->\n<title>Denat wieczorow\u0105 por\u0105 - Aneta Jadowska | Pasje Oli<\/title>\n<meta name=\"description\" content=\"&quot;Denat wieczorow\u0105 por\u0105&quot; to ostatni tom cyklu o Garstkach z Ustki. Tym razem g\u0142\u00f3wn\u0105 bohaterk\u0105 jest Maria Garstka, babcia Magdy.\" \/>\n<meta name=\"robots\" content=\"index, follow, max-snippet:-1, max-image-preview:large, max-video-preview:-1\" \/>\n<link rel=\"canonical\" href=\"https:\/\/pasjeoli.pl\/index.php\/2025\/05\/08\/denat-wieczorowa-pora-aneta-jadowska\/\" \/>\n<meta property=\"og:locale\" content=\"pl_PL\" \/>\n<meta property=\"og:type\" content=\"article\" \/>\n<meta property=\"og:title\" content=\"Denat wieczorow\u0105 por\u0105 - Aneta Jadowska | Pasje Oli\" \/>\n<meta property=\"og:description\" content=\"&quot;Denat wieczorow\u0105 por\u0105&quot; to ostatni tom cyklu o Garstkach z Ustki. Tym razem g\u0142\u00f3wn\u0105 bohaterk\u0105 jest Maria Garstka, babcia Magdy.\" \/>\n<meta property=\"og:url\" content=\"https:\/\/pasjeoli.pl\/index.php\/2025\/05\/08\/denat-wieczorowa-pora-aneta-jadowska\/\" \/>\n<meta property=\"og:site_name\" content=\"Pasje Oli\" \/>\n<meta property=\"article:publisher\" content=\"https:\/\/www.facebook.com\/PasjOla-Planszowa-104986327782886\" \/>\n<meta property=\"article:author\" content=\"https:\/\/www.facebook.com\/PasjOla-Planszowa-104986327782886\" \/>\n<meta property=\"article:published_time\" content=\"2025-05-08T15:48:02+00:00\" \/>\n<meta property=\"article:modified_time\" content=\"2025-05-08T15:48:03+00:00\" \/>\n<meta property=\"og:image\" content=\"http:\/\/pasjeoli.pl\/wp-content\/uploads\/2025\/05\/DenatWieczoroaPora1.jpg\" \/>\n\t<meta property=\"og:image:width\" content=\"1080\" \/>\n\t<meta property=\"og:image:height\" content=\"1080\" \/>\n\t<meta property=\"og:image:type\" content=\"image\/jpeg\" \/>\n<meta name=\"author\" content=\"PasjOla\" \/>\n<meta name=\"twitter:card\" content=\"summary_large_image\" \/>\n<meta name=\"twitter:label1\" content=\"Napisane przez\" \/>\n\t<meta name=\"twitter:data1\" content=\"PasjOla\" \/>\n\t<meta name=\"twitter:label2\" content=\"Szacowany czas czytania\" \/>\n\t<meta name=\"twitter:data2\" content=\"3 minuty\" \/>\n<script type=\"application\/ld+json\" class=\"yoast-schema-graph\">{\"@context\":\"https:\/\/schema.org\",\"@graph\":[{\"@type\":\"Article\",\"@id\":\"https:\/\/pasjeoli.pl\/index.php\/2025\/05\/08\/denat-wieczorowa-pora-aneta-jadowska\/#article\",\"isPartOf\":{\"@id\":\"https:\/\/pasjeoli.pl\/index.php\/2025\/05\/08\/denat-wieczorowa-pora-aneta-jadowska\/\"},\"author\":{\"name\":\"PasjOla\",\"@id\":\"https:\/\/pasjeoli.pl\/#\/schema\/person\/5170a61426bd1cff4c4c277af668c4ac\"},\"headline\":\"Denat wieczorow\u0105 por\u0105 &#8211; Aneta Jadowska\",\"datePublished\":\"2025-05-08T15:48:02+00:00\",\"dateModified\":\"2025-05-08T15:48:03+00:00\",\"mainEntityOfPage\":{\"@id\":\"https:\/\/pasjeoli.pl\/index.php\/2025\/05\/08\/denat-wieczorowa-pora-aneta-jadowska\/\"},\"wordCount\":356,\"publisher\":{\"@id\":\"https:\/\/pasjeoli.pl\/#\/schema\/person\/5170a61426bd1cff4c4c277af668c4ac\"},\"image\":{\"@id\":\"https:\/\/pasjeoli.pl\/index.php\/2025\/05\/08\/denat-wieczorowa-pora-aneta-jadowska\/#primaryimage\"},\"thumbnailUrl\":\"https:\/\/pasjeoli.pl\/wp-content\/uploads\/2025\/05\/DenatWieczoroaPora1.jpg\",\"keywords\":[\"krymina\u0142\"],\"articleSection\":[\"Po\u017cyczona\"],\"inLanguage\":\"pl-PL\"},{\"@type\":\"WebPage\",\"@id\":\"https:\/\/pasjeoli.pl\/index.php\/2025\/05\/08\/denat-wieczorowa-pora-aneta-jadowska\/\",\"url\":\"https:\/\/pasjeoli.pl\/index.php\/2025\/05\/08\/denat-wieczorowa-pora-aneta-jadowska\/\",\"name\":\"Denat wieczorow\u0105 por\u0105 - Aneta Jadowska | Pasje Oli\",\"isPartOf\":{\"@id\":\"https:\/\/pasjeoli.pl\/#website\"},\"primaryImageOfPage\":{\"@id\":\"https:\/\/pasjeoli.pl\/index.php\/2025\/05\/08\/denat-wieczorowa-pora-aneta-jadowska\/#primaryimage\"},\"image\":{\"@id\":\"https:\/\/pasjeoli.pl\/index.php\/2025\/05\/08\/denat-wieczorowa-pora-aneta-jadowska\/#primaryimage\"},\"thumbnailUrl\":\"https:\/\/pasjeoli.pl\/wp-content\/uploads\/2025\/05\/DenatWieczoroaPora1.jpg\",\"datePublished\":\"2025-05-08T15:48:02+00:00\",\"dateModified\":\"2025-05-08T15:48:03+00:00\",\"description\":\"\\\"Denat wieczorow\u0105 por\u0105\\\" to ostatni tom cyklu o Garstkach z Ustki. Tym razem g\u0142\u00f3wn\u0105 bohaterk\u0105 jest Maria Garstka, babcia Magdy.\",\"breadcrumb\":{\"@id\":\"https:\/\/pasjeoli.pl\/index.php\/2025\/05\/08\/denat-wieczorowa-pora-aneta-jadowska\/#breadcrumb\"},\"inLanguage\":\"pl-PL\",\"potentialAction\":[{\"@type\":\"ReadAction\",\"target\":[\"https:\/\/pasjeoli.pl\/index.php\/2025\/05\/08\/denat-wieczorowa-pora-aneta-jadowska\/\"]}]},{\"@type\":\"ImageObject\",\"inLanguage\":\"pl-PL\",\"@id\":\"https:\/\/pasjeoli.pl\/index.php\/2025\/05\/08\/denat-wieczorowa-pora-aneta-jadowska\/#primaryimage\",\"url\":\"https:\/\/pasjeoli.pl\/wp-content\/uploads\/2025\/05\/DenatWieczoroaPora1.jpg\",\"contentUrl\":\"https:\/\/pasjeoli.pl\/wp-content\/uploads\/2025\/05\/DenatWieczoroaPora1.jpg\",\"width\":1080,\"height\":1080,\"caption\":\"Denat wieczorow\u0105 por\u0105 - Aneta Jadowska\"},{\"@type\":\"BreadcrumbList\",\"@id\":\"https:\/\/pasjeoli.pl\/index.php\/2025\/05\/08\/denat-wieczorowa-pora-aneta-jadowska\/#breadcrumb\",\"itemListElement\":[{\"@type\":\"ListItem\",\"position\":1,\"name\":\"Strona g\u0142\u00f3wna\",\"item\":\"https:\/\/pasjeoli.pl\/\"},{\"@type\":\"ListItem\",\"position\":2,\"name\":\"Denat wieczorow\u0105 por\u0105 &#8211; Aneta Jadowska\"}]},{\"@type\":\"WebSite\",\"@id\":\"https:\/\/pasjeoli.pl\/#website\",\"url\":\"https:\/\/pasjeoli.pl\/\",\"name\":\"Pasje Oli\",\"description\":\"Gry planszowe i ksi\u0105\u017cki - opisy, wra\u017cenia, recenzje\",\"publisher\":{\"@id\":\"https:\/\/pasjeoli.pl\/#\/schema\/person\/5170a61426bd1cff4c4c277af668c4ac\"},\"potentialAction\":[{\"@type\":\"SearchAction\",\"target\":{\"@type\":\"EntryPoint\",\"urlTemplate\":\"https:\/\/pasjeoli.pl\/?s={search_term_string}\"},\"query-input\":{\"@type\":\"PropertyValueSpecification\",\"valueRequired\":true,\"valueName\":\"search_term_string\"}}],\"inLanguage\":\"pl-PL\"},{\"@type\":[\"Person\",\"Organization\"],\"@id\":\"https:\/\/pasjeoli.pl\/#\/schema\/person\/5170a61426bd1cff4c4c277af668c4ac\",\"name\":\"PasjOla\",\"image\":{\"@type\":\"ImageObject\",\"inLanguage\":\"pl-PL\",\"@id\":\"https:\/\/pasjeoli.pl\/#\/schema\/person\/image\/\",\"url\":\"https:\/\/pasjeoli.pl\/wp-content\/uploads\/2022\/05\/PasjeOli4.png\",\"contentUrl\":\"https:\/\/pasjeoli.pl\/wp-content\/uploads\/2022\/05\/PasjeOli4.png\",\"width\":500,\"height\":500,\"caption\":\"PasjOla\"},\"logo\":{\"@id\":\"https:\/\/pasjeoli.pl\/#\/schema\/person\/image\/\"},\"description\":\"Jestem Ola, a moj\u0105 pasj\u0105 (no, jedn\u0105 z wielu) s\u0105 plansz\u00f3wki. W \u015bwiecie plansz\u00f3wkowym funkcjonuj\u0119 ponad 10 lat. Wszystko zacz\u0119\u0142o si\u0119 od po\u017cyczania gier od kolegi, a potem trafi\u0142am na jeden z pierwszych Pionk\u00f3w, organizowanych w MDK w Gliwicach. I plansz\u00f3wkowe hobby ca\u0142kowicie mnie wci\u0105gn\u0119\u0142o. Nadal, je\u015bli tylko mog\u0119, to je\u017cd\u017c\u0119 na konwenty, gdzie grywam nie tylko w zapowiedzi wydawnicze. Na Facebook'u wyst\u0119puj\u0119 jako PasjOla Planszowa. Znajdziecie mnie te\u017c na Instagramie jako OlaDanInsta Lubi\u0119 poznawa\u0107 nowe gry, ale ch\u0119tnie te\u017c wracam do starszych, sprawdzonych tytu\u0142\u00f3w, wi\u0119c bawi\u0119 si\u0119 z GRAnatowa Czelend\u017c i dzia\u0142am w kapitule tej grupy. A w 2020 roku do\u0142\u0105czy\u0142am do Kapitu\u0142y przyznaj\u0105cej presti\u017cow\u0105 nagrod\u0119: Planszowa Gra Roku. My\u015bl\u0119, \u017ce jakie\u015b do\u015bwiadczenie w plansz\u00f3wkach mam, wi\u0119c ch\u0119tnie si\u0119 moj\u0105 wiedz\u0105 i przemy\u015bleniami z Wami podziel\u0119. Zapraszam do czytania i komentowania \ud83d\ude0a\",\"sameAs\":[\"http:\/\/pasjeoli.pl\",\"https:\/\/www.facebook.com\/PasjOla-Planszowa-104986327782886\",\"https:\/\/instagram.com\/oladaninsta\"]}]}<\/script>\n<!-- \/ Yoast SEO plugin. -->","yoast_head_json":{"title":"Denat wieczorow\u0105 por\u0105 - Aneta Jadowska | Pasje Oli","description":"\"Denat wieczorow\u0105 por\u0105\" to ostatni tom cyklu o Garstkach z Ustki. Tym razem g\u0142\u00f3wn\u0105 bohaterk\u0105 jest Maria Garstka, babcia Magdy.","robots":{"index":"index","follow":"follow","max-snippet":"max-snippet:-1","max-image-preview":"max-image-preview:large","max-video-preview":"max-video-preview:-1"},"canonical":"https:\/\/pasjeoli.pl\/index.php\/2025\/05\/08\/denat-wieczorowa-pora-aneta-jadowska\/","og_locale":"pl_PL","og_type":"article","og_title":"Denat wieczorow\u0105 por\u0105 - Aneta Jadowska | Pasje Oli","og_description":"\"Denat wieczorow\u0105 por\u0105\" to ostatni tom cyklu o Garstkach z Ustki. Tym razem g\u0142\u00f3wn\u0105 bohaterk\u0105 jest Maria Garstka, babcia Magdy.","og_url":"https:\/\/pasjeoli.pl\/index.php\/2025\/05\/08\/denat-wieczorowa-pora-aneta-jadowska\/","og_site_name":"Pasje Oli","article_publisher":"https:\/\/www.facebook.com\/PasjOla-Planszowa-104986327782886","article_author":"https:\/\/www.facebook.com\/PasjOla-Planszowa-104986327782886","article_published_time":"2025-05-08T15:48:02+00:00","article_modified_time":"2025-05-08T15:48:03+00:00","og_image":[{"width":1080,"height":1080,"url":"http:\/\/pasjeoli.pl\/wp-content\/uploads\/2025\/05\/DenatWieczoroaPora1.jpg","type":"image\/jpeg"}],"author":"PasjOla","twitter_card":"summary_large_image","twitter_misc":{"Napisane przez":"PasjOla","Szacowany czas czytania":"3 minuty"},"schema":{"@context":"https:\/\/schema.org","@graph":[{"@type":"Article","@id":"https:\/\/pasjeoli.pl\/index.php\/2025\/05\/08\/denat-wieczorowa-pora-aneta-jadowska\/#article","isPartOf":{"@id":"https:\/\/pasjeoli.pl\/index.php\/2025\/05\/08\/denat-wieczorowa-pora-aneta-jadowska\/"},"author":{"name":"PasjOla","@id":"https:\/\/pasjeoli.pl\/#\/schema\/person\/5170a61426bd1cff4c4c277af668c4ac"},"headline":"Denat wieczorow\u0105 por\u0105 &#8211; Aneta Jadowska","datePublished":"2025-05-08T15:48:02+00:00","dateModified":"2025-05-08T15:48:03+00:00","mainEntityOfPage":{"@id":"https:\/\/pasjeoli.pl\/index.php\/2025\/05\/08\/denat-wieczorowa-pora-aneta-jadowska\/"},"wordCount":356,"publisher":{"@id":"https:\/\/pasjeoli.pl\/#\/schema\/person\/5170a61426bd1cff4c4c277af668c4ac"},"image":{"@id":"https:\/\/pasjeoli.pl\/index.php\/2025\/05\/08\/denat-wieczorowa-pora-aneta-jadowska\/#primaryimage"},"thumbnailUrl":"https:\/\/pasjeoli.pl\/wp-content\/uploads\/2025\/05\/DenatWieczoroaPora1.jpg","keywords":["krymina\u0142"],"articleSection":["Po\u017cyczona"],"inLanguage":"pl-PL"},{"@type":"WebPage","@id":"https:\/\/pasjeoli.pl\/index.php\/2025\/05\/08\/denat-wieczorowa-pora-aneta-jadowska\/","url":"https:\/\/pasjeoli.pl\/index.php\/2025\/05\/08\/denat-wieczorowa-pora-aneta-jadowska\/","name":"Denat wieczorow\u0105 por\u0105 - Aneta Jadowska | Pasje Oli","isPartOf":{"@id":"https:\/\/pasjeoli.pl\/#website"},"primaryImageOfPage":{"@id":"https:\/\/pasjeoli.pl\/index.php\/2025\/05\/08\/denat-wieczorowa-pora-aneta-jadowska\/#primaryimage"},"image":{"@id":"https:\/\/pasjeoli.pl\/index.php\/2025\/05\/08\/denat-wieczorowa-pora-aneta-jadowska\/#primaryimage"},"thumbnailUrl":"https:\/\/pasjeoli.pl\/wp-content\/uploads\/2025\/05\/DenatWieczoroaPora1.jpg","datePublished":"2025-05-08T15:48:02+00:00","dateModified":"2025-05-08T15:48:03+00:00","description":"\"Denat wieczorow\u0105 por\u0105\" to ostatni tom cyklu o Garstkach z Ustki. Tym razem g\u0142\u00f3wn\u0105 bohaterk\u0105 jest Maria Garstka, babcia Magdy.","breadcrumb":{"@id":"https:\/\/pasjeoli.pl\/index.php\/2025\/05\/08\/denat-wieczorowa-pora-aneta-jadowska\/#breadcrumb"},"inLanguage":"pl-PL","potentialAction":[{"@type":"ReadAction","target":["https:\/\/pasjeoli.pl\/index.php\/2025\/05\/08\/denat-wieczorowa-pora-aneta-jadowska\/"]}]},{"@type":"ImageObject","inLanguage":"pl-PL","@id":"https:\/\/pasjeoli.pl\/index.php\/2025\/05\/08\/denat-wieczorowa-pora-aneta-jadowska\/#primaryimage","url":"https:\/\/pasjeoli.pl\/wp-content\/uploads\/2025\/05\/DenatWieczoroaPora1.jpg","contentUrl":"https:\/\/pasjeoli.pl\/wp-content\/uploads\/2025\/05\/DenatWieczoroaPora1.jpg","width":1080,"height":1080,"caption":"Denat wieczorow\u0105 por\u0105 - Aneta Jadowska"},{"@type":"BreadcrumbList","@id":"https:\/\/pasjeoli.pl\/index.php\/2025\/05\/08\/denat-wieczorowa-pora-aneta-jadowska\/#breadcrumb","itemListElement":[{"@type":"ListItem","position":1,"name":"Strona g\u0142\u00f3wna","item":"https:\/\/pasjeoli.pl\/"},{"@type":"ListItem","position":2,"name":"Denat wieczorow\u0105 por\u0105 &#8211; Aneta Jadowska"}]},{"@type":"WebSite","@id":"https:\/\/pasjeoli.pl\/#website","url":"https:\/\/pasjeoli.pl\/","name":"Pasje Oli","description":"Gry planszowe i ksi\u0105\u017cki - opisy, wra\u017cenia, recenzje","publisher":{"@id":"https:\/\/pasjeoli.pl\/#\/schema\/person\/5170a61426bd1cff4c4c277af668c4ac"},"potentialAction":[{"@type":"SearchAction","target":{"@type":"EntryPoint","urlTemplate":"https:\/\/pasjeoli.pl\/?s={search_term_string}"},"query-input":{"@type":"PropertyValueSpecification","valueRequired":true,"valueName":"search_term_string"}}],"inLanguage":"pl-PL"},{"@type":["Person","Organization"],"@id":"https:\/\/pasjeoli.pl\/#\/schema\/person\/5170a61426bd1cff4c4c277af668c4ac","name":"PasjOla","image":{"@type":"ImageObject","inLanguage":"pl-PL","@id":"https:\/\/pasjeoli.pl\/#\/schema\/person\/image\/","url":"https:\/\/pasjeoli.pl\/wp-content\/uploads\/2022\/05\/PasjeOli4.png","contentUrl":"https:\/\/pasjeoli.pl\/wp-content\/uploads\/2022\/05\/PasjeOli4.png","width":500,"height":500,"caption":"PasjOla"},"logo":{"@id":"https:\/\/pasjeoli.pl\/#\/schema\/person\/image\/"},"description":"Jestem Ola, a moj\u0105 pasj\u0105 (no, jedn\u0105 z wielu) s\u0105 plansz\u00f3wki. W \u015bwiecie plansz\u00f3wkowym funkcjonuj\u0119 ponad 10 lat. Wszystko zacz\u0119\u0142o si\u0119 od po\u017cyczania gier od kolegi, a potem trafi\u0142am na jeden z pierwszych Pionk\u00f3w, organizowanych w MDK w Gliwicach. I plansz\u00f3wkowe hobby ca\u0142kowicie mnie wci\u0105gn\u0119\u0142o. Nadal, je\u015bli tylko mog\u0119, to je\u017cd\u017c\u0119 na konwenty, gdzie grywam nie tylko w zapowiedzi wydawnicze. Na Facebook'u wyst\u0119puj\u0119 jako PasjOla Planszowa. Znajdziecie mnie te\u017c na Instagramie jako OlaDanInsta Lubi\u0119 poznawa\u0107 nowe gry, ale ch\u0119tnie te\u017c wracam do starszych, sprawdzonych tytu\u0142\u00f3w, wi\u0119c bawi\u0119 si\u0119 z GRAnatowa Czelend\u017c i dzia\u0142am w kapitule tej grupy. A w 2020 roku do\u0142\u0105czy\u0142am do Kapitu\u0142y przyznaj\u0105cej presti\u017cow\u0105 nagrod\u0119: Planszowa Gra Roku. My\u015bl\u0119, \u017ce jakie\u015b do\u015bwiadczenie w plansz\u00f3wkach mam, wi\u0119c ch\u0119tnie si\u0119 moj\u0105 wiedz\u0105 i przemy\u015bleniami z Wami podziel\u0119. Zapraszam do czytania i komentowania \ud83d\ude0a","sameAs":["http:\/\/pasjeoli.pl","https:\/\/www.facebook.com\/PasjOla-Planszowa-104986327782886","https:\/\/instagram.com\/oladaninsta"]}]}},"_links":{"self":[{"href":"https:\/\/pasjeoli.pl\/index.php\/wp-json\/wp\/v2\/posts\/5813"}],"collection":[{"href":"https:\/\/pasjeoli.pl\/index.php\/wp-json\/wp\/v2\/posts"}],"about":[{"href":"https:\/\/pasjeoli.pl\/index.php\/wp-json\/wp\/v2\/types\/post"}],"author":[{"embeddable":true,"href":"https:\/\/pasjeoli.pl\/index.php\/wp-json\/wp\/v2\/users\/1"}],"replies":[{"embeddable":true,"href":"https:\/\/pasjeoli.pl\/index.php\/wp-json\/wp\/v2\/comments?post=5813"}],"version-history":[{"count":12,"href":"https:\/\/pasjeoli.pl\/index.php\/wp-json\/wp\/v2\/posts\/5813\/revisions"}],"predecessor-version":[{"id":5826,"href":"https:\/\/pasjeoli.pl\/index.php\/wp-json\/wp\/v2\/posts\/5813\/revisions\/5826"}],"wp:featuredmedia":[{"embeddable":true,"href":"https:\/\/pasjeoli.pl\/index.php\/wp-json\/wp\/v2\/media\/5818"}],"wp:attachment":[{"href":"https:\/\/pasjeoli.pl\/index.php\/wp-json\/wp\/v2\/media?parent=5813"}],"wp:term":[{"taxonomy":"category","embeddable":true,"href":"https:\/\/pasjeoli.pl\/index.php\/wp-json\/wp\/v2\/categories?post=5813"},{"taxonomy":"post_tag","embeddable":true,"href":"https:\/\/pasjeoli.pl\/index.php\/wp-json\/wp\/v2\/tags?post=5813"}],"curies":[{"name":"wp","href":"https:\/\/api.w.org\/{rel}","templated":true}]}}