{"id":6337,"date":"2025-10-18T09:19:26","date_gmt":"2025-10-18T07:19:26","guid":{"rendered":"https:\/\/pasjeoli.pl\/?p=6337"},"modified":"2025-10-18T09:19:27","modified_gmt":"2025-10-18T07:19:27","slug":"stroze-jakub-cwiek","status":"publish","type":"post","link":"https:\/\/pasjeoli.pl\/index.php\/2025\/10\/18\/stroze-jakub-cwiek\/","title":{"rendered":"Str\u00f3\u017ce &#8211; Jakub \u0106wiek"},"content":{"rendered":"\n<p>79\/2025<strong> \u201eStr\u00f3\u017ce\u201d <em>Jakub \u0106wiek<\/em><\/strong><\/p>\n\n\n\n<p>Uwielbiam cykl o K\u0142amcy, przebieg\u0142ym Lokim, kt\u00f3ry nie jest taki z\u0142y, jakim go maluj\u0105. Owszem, knuje i oszukuje, ale i tak wsp\u00f3\u0142pracuje z anio\u0142ami. Co prawda ma w tym sw\u00f3j interes, niemniej to post\u0119powanie pozwala mocno polubi\u0107 boga k\u0142amstw. <\/p>\n\n\n\n<p>Tym razem K\u0142amca pozostaje w cieniu anio\u0142\u00f3w. I to nie byle jakich, bo anio\u0142\u00f3w str\u00f3\u017c\u00f3w. Patrz\u0105c na tych dw\u00f3ch, modlitwa &#8222;Aniele Bo\u017cy, str\u00f3\u017cu m\u00f3j, ty zawsze przy mnie st\u00f3j&#8221; nabiera innego wymiaru. Ale okazuje si\u0119, \u017ce nie ka\u017cdy zas\u0142uguje na anielskiego stra\u017cnika moralno\u015bci i prawid\u0142owego post\u0119powania. Istoty z t\u0105 profesj\u0105 s\u0105 w zaniku, a jak si\u0119 wkr\u00f3tce okazuje, nie s\u0105 tak kryszta\u0142owo czyste, jakby\u015bmy mogli s\u0105dzi\u0107. Do pilnowania str\u00f3\u017cy, patrzenia im na r\u0119ce, zosta\u0142a utworzona specjalna jednostka Skrzydlatych: W.I.N.A (Wydzia\u0142 Interwencyjny Nadzoru Anielskiego). Butch i Zadra stanowi\u0105 \u015bwietn\u0105 par\u0119 anielskich str\u00f3\u017c\u00f3w prawa. Z\u0142y i dobry glina, mi\u0119\u015bniak i inteligent. A przynajmniej takie robi\u0105 wra\u017cenie na pierwszy rzut oka. <\/p>\n\n\n\n<p>Gdy zjawiaj\u0105 si\u0119 na ziemi, by wprowadzi\u0107 komisarza Jakuba Ryjka w nadziemskie sprawy, ten akurat prowadzi \u015bledztwo. <\/p>\n\n\n\n<p>Wkr\u00f3tce te\u017c wpl\u0105tuj\u0105 si\u0119 w dziwn\u0105 histori\u0119 z Piaskowym Dziadkiem. Co mo\u017ce si\u0119 wydarzy\u0107, gdy na posterunku w ma\u0142ym miasteczku przyjdzie broni\u0107 si\u0119 Lokiemu, Dreszczowi z Alojzem i K\u0119dziorowi, stoj\u0105cym rami\u0119 w rami\u0119? I gdy na pomoc pod\u0105\u017c\u0105 Dzwoneczek z Ch\u0142opcami?<\/p>\n\n\n\n<p>&#8222;Str\u00f3\u017ce&#8221; to kolejna opowie\u015b\u0107 ze \u015bwiata K\u0142amcy. I cho\u0107 Lokiego tu nieco mniej, bo to agenci W.I.N.A graj\u0105 pierwsze skrzypce, to wci\u0105\u017c czu\u0107 klimat poprzednich cz\u0119\u015bci. Jest tu odpowiednia dawka humoru, jest te\u017c zagadka kryminalna, s\u0105 szemrane interesy.<\/p>\n\n\n\n<p>\u017ba\u0142uj\u0119, \u017ce tak p\u00f3\u017ano si\u0119gn\u0119\u0142am po t\u0119 histori\u0119. Z pewno\u015bci\u0105 lepiej bym j\u0105 odebra\u0142a i oceni\u0142a, gdybym czyta\u0142a w nied\u0142ugim czasie po K\u0142amcy, Ch\u0142opcach i Dreszczu. Niemniej bawi\u0142am si\u0119 ca\u0142kiem dobrze. A teraz czas na drug\u0105 cz\u0119\u015b\u0107 Str\u00f3\u017cy \ud83d\ude42<\/p>\n\n\n\n<p><\/p>\n\n\n\n<p><strong>MOJA OCENA: 6\/10<\/strong><\/p>\n\n\n\n<p><a href=\"https:\/\/sqnstore.pl\/\" target=\"_blank\" rel=\"noreferrer noopener\">Wydawnictwo SQN<\/a><\/p>\n\n\n\n<p>O innej ciekawej fantastyce poczytacie <a href=\"https:\/\/pasjeoli.pl\/index.php\/2025\/07\/20\/nocne-miasto-piotr-cielecki\/\">TUTAJ<\/a>.<\/p>\n","protected":false},"excerpt":{"rendered":"<p>&#8222;Str\u00f3\u017ce&#8221; to kolejna opowie\u015b\u0107 ze \u015bwiata K\u0142amcy. Loki tym razem jest na drugim planie, ale knuje jak zawsze. Cho\u0107 Str\u00f3\u017ce go pilnuj\u0105.<\/p>\n","protected":false},"author":1,"featured_media":6342,"comment_status":"closed","ping_status":"closed","sticky":false,"template":"","format":"standard","meta":{"footnotes":""},"categories":[95],"tags":[96],"yoast_head":"<!-- This site is optimized with the Yoast SEO plugin v23.4 - https:\/\/yoast.com\/wordpress\/plugins\/seo\/ -->\n<title>Str\u00f3\u017ce - Jakub \u0106wiek | Pasje Oli<\/title>\n<meta name=\"description\" content=\"&quot;Str\u00f3\u017ce&quot; to kolejna opowie\u015b\u0107 ze \u015bwiata K\u0142amcy. Loki tym razem jest na drugim planie, ale knuje jak zawsze. Cho\u0107 Str\u00f3\u017ce go pilnuj\u0105.\" \/>\n<meta name=\"robots\" content=\"index, follow, max-snippet:-1, max-image-preview:large, max-video-preview:-1\" \/>\n<link rel=\"canonical\" href=\"https:\/\/pasjeoli.pl\/index.php\/2025\/10\/18\/stroze-jakub-cwiek\/\" \/>\n<meta property=\"og:locale\" content=\"pl_PL\" \/>\n<meta property=\"og:type\" content=\"article\" \/>\n<meta property=\"og:title\" content=\"Str\u00f3\u017ce - Jakub \u0106wiek | Pasje Oli\" \/>\n<meta property=\"og:description\" content=\"&quot;Str\u00f3\u017ce&quot; to kolejna opowie\u015b\u0107 ze \u015bwiata K\u0142amcy. Loki tym razem jest na drugim planie, ale knuje jak zawsze. Cho\u0107 Str\u00f3\u017ce go pilnuj\u0105.\" \/>\n<meta property=\"og:url\" content=\"https:\/\/pasjeoli.pl\/index.php\/2025\/10\/18\/stroze-jakub-cwiek\/\" \/>\n<meta property=\"og:site_name\" content=\"Pasje Oli\" \/>\n<meta property=\"article:publisher\" content=\"https:\/\/www.facebook.com\/PasjOla-Planszowa-104986327782886\" \/>\n<meta property=\"article:author\" content=\"https:\/\/www.facebook.com\/PasjOla-Planszowa-104986327782886\" \/>\n<meta property=\"article:published_time\" content=\"2025-10-18T07:19:26+00:00\" \/>\n<meta property=\"article:modified_time\" content=\"2025-10-18T07:19:27+00:00\" \/>\n<meta property=\"og:image\" content=\"http:\/\/pasjeoli.pl\/wp-content\/uploads\/2025\/10\/Stroze-scaled.jpg\" \/>\n\t<meta property=\"og:image:width\" content=\"2560\" \/>\n\t<meta property=\"og:image:height\" content=\"2560\" \/>\n\t<meta property=\"og:image:type\" content=\"image\/jpeg\" \/>\n<meta name=\"author\" content=\"PasjOla\" \/>\n<meta name=\"twitter:card\" content=\"summary_large_image\" \/>\n<meta name=\"twitter:label1\" content=\"Napisane przez\" \/>\n\t<meta name=\"twitter:data1\" content=\"PasjOla\" \/>\n\t<meta name=\"twitter:label2\" content=\"Szacowany czas czytania\" \/>\n\t<meta name=\"twitter:data2\" content=\"2 minuty\" \/>\n<script type=\"application\/ld+json\" class=\"yoast-schema-graph\">{\"@context\":\"https:\/\/schema.org\",\"@graph\":[{\"@type\":\"Article\",\"@id\":\"https:\/\/pasjeoli.pl\/index.php\/2025\/10\/18\/stroze-jakub-cwiek\/#article\",\"isPartOf\":{\"@id\":\"https:\/\/pasjeoli.pl\/index.php\/2025\/10\/18\/stroze-jakub-cwiek\/\"},\"author\":{\"name\":\"PasjOla\",\"@id\":\"https:\/\/pasjeoli.pl\/#\/schema\/person\/5170a61426bd1cff4c4c277af668c4ac\"},\"headline\":\"Str\u00f3\u017ce &#8211; Jakub \u0106wiek\",\"datePublished\":\"2025-10-18T07:19:26+00:00\",\"dateModified\":\"2025-10-18T07:19:27+00:00\",\"mainEntityOfPage\":{\"@id\":\"https:\/\/pasjeoli.pl\/index.php\/2025\/10\/18\/stroze-jakub-cwiek\/\"},\"wordCount\":366,\"publisher\":{\"@id\":\"https:\/\/pasjeoli.pl\/#\/schema\/person\/5170a61426bd1cff4c4c277af668c4ac\"},\"image\":{\"@id\":\"https:\/\/pasjeoli.pl\/index.php\/2025\/10\/18\/stroze-jakub-cwiek\/#primaryimage\"},\"thumbnailUrl\":\"https:\/\/pasjeoli.pl\/wp-content\/uploads\/2025\/10\/Stroze-scaled.jpg\",\"keywords\":[\"fantastyka\"],\"articleSection\":[\"Z mojej biblioteczki\"],\"inLanguage\":\"pl-PL\"},{\"@type\":\"WebPage\",\"@id\":\"https:\/\/pasjeoli.pl\/index.php\/2025\/10\/18\/stroze-jakub-cwiek\/\",\"url\":\"https:\/\/pasjeoli.pl\/index.php\/2025\/10\/18\/stroze-jakub-cwiek\/\",\"name\":\"Str\u00f3\u017ce - Jakub \u0106wiek | Pasje Oli\",\"isPartOf\":{\"@id\":\"https:\/\/pasjeoli.pl\/#website\"},\"primaryImageOfPage\":{\"@id\":\"https:\/\/pasjeoli.pl\/index.php\/2025\/10\/18\/stroze-jakub-cwiek\/#primaryimage\"},\"image\":{\"@id\":\"https:\/\/pasjeoli.pl\/index.php\/2025\/10\/18\/stroze-jakub-cwiek\/#primaryimage\"},\"thumbnailUrl\":\"https:\/\/pasjeoli.pl\/wp-content\/uploads\/2025\/10\/Stroze-scaled.jpg\",\"datePublished\":\"2025-10-18T07:19:26+00:00\",\"dateModified\":\"2025-10-18T07:19:27+00:00\",\"description\":\"\\\"Str\u00f3\u017ce\\\" to kolejna opowie\u015b\u0107 ze \u015bwiata K\u0142amcy. Loki tym razem jest na drugim planie, ale knuje jak zawsze. Cho\u0107 Str\u00f3\u017ce go pilnuj\u0105.\",\"breadcrumb\":{\"@id\":\"https:\/\/pasjeoli.pl\/index.php\/2025\/10\/18\/stroze-jakub-cwiek\/#breadcrumb\"},\"inLanguage\":\"pl-PL\",\"potentialAction\":[{\"@type\":\"ReadAction\",\"target\":[\"https:\/\/pasjeoli.pl\/index.php\/2025\/10\/18\/stroze-jakub-cwiek\/\"]}]},{\"@type\":\"ImageObject\",\"inLanguage\":\"pl-PL\",\"@id\":\"https:\/\/pasjeoli.pl\/index.php\/2025\/10\/18\/stroze-jakub-cwiek\/#primaryimage\",\"url\":\"https:\/\/pasjeoli.pl\/wp-content\/uploads\/2025\/10\/Stroze-scaled.jpg\",\"contentUrl\":\"https:\/\/pasjeoli.pl\/wp-content\/uploads\/2025\/10\/Stroze-scaled.jpg\",\"width\":2560,\"height\":2560,\"caption\":\"Str\u00f3\u017ce - Jakub \u0106wiek\"},{\"@type\":\"BreadcrumbList\",\"@id\":\"https:\/\/pasjeoli.pl\/index.php\/2025\/10\/18\/stroze-jakub-cwiek\/#breadcrumb\",\"itemListElement\":[{\"@type\":\"ListItem\",\"position\":1,\"name\":\"Strona g\u0142\u00f3wna\",\"item\":\"https:\/\/pasjeoli.pl\/\"},{\"@type\":\"ListItem\",\"position\":2,\"name\":\"Str\u00f3\u017ce &#8211; Jakub \u0106wiek\"}]},{\"@type\":\"WebSite\",\"@id\":\"https:\/\/pasjeoli.pl\/#website\",\"url\":\"https:\/\/pasjeoli.pl\/\",\"name\":\"Pasje Oli\",\"description\":\"Gry planszowe i ksi\u0105\u017cki - opisy, wra\u017cenia, recenzje\",\"publisher\":{\"@id\":\"https:\/\/pasjeoli.pl\/#\/schema\/person\/5170a61426bd1cff4c4c277af668c4ac\"},\"potentialAction\":[{\"@type\":\"SearchAction\",\"target\":{\"@type\":\"EntryPoint\",\"urlTemplate\":\"https:\/\/pasjeoli.pl\/?s={search_term_string}\"},\"query-input\":{\"@type\":\"PropertyValueSpecification\",\"valueRequired\":true,\"valueName\":\"search_term_string\"}}],\"inLanguage\":\"pl-PL\"},{\"@type\":[\"Person\",\"Organization\"],\"@id\":\"https:\/\/pasjeoli.pl\/#\/schema\/person\/5170a61426bd1cff4c4c277af668c4ac\",\"name\":\"PasjOla\",\"image\":{\"@type\":\"ImageObject\",\"inLanguage\":\"pl-PL\",\"@id\":\"https:\/\/pasjeoli.pl\/#\/schema\/person\/image\/\",\"url\":\"https:\/\/pasjeoli.pl\/wp-content\/uploads\/2022\/05\/PasjeOli4.png\",\"contentUrl\":\"https:\/\/pasjeoli.pl\/wp-content\/uploads\/2022\/05\/PasjeOli4.png\",\"width\":500,\"height\":500,\"caption\":\"PasjOla\"},\"logo\":{\"@id\":\"https:\/\/pasjeoli.pl\/#\/schema\/person\/image\/\"},\"description\":\"Jestem Ola, a moj\u0105 pasj\u0105 (no, jedn\u0105 z wielu) s\u0105 plansz\u00f3wki. W \u015bwiecie plansz\u00f3wkowym funkcjonuj\u0119 ponad 10 lat. Wszystko zacz\u0119\u0142o si\u0119 od po\u017cyczania gier od kolegi, a potem trafi\u0142am na jeden z pierwszych Pionk\u00f3w, organizowanych w MDK w Gliwicach. I plansz\u00f3wkowe hobby ca\u0142kowicie mnie wci\u0105gn\u0119\u0142o. Nadal, je\u015bli tylko mog\u0119, to je\u017cd\u017c\u0119 na konwenty, gdzie grywam nie tylko w zapowiedzi wydawnicze. Na Facebook'u wyst\u0119puj\u0119 jako PasjOla Planszowa. Znajdziecie mnie te\u017c na Instagramie jako OlaDanInsta Lubi\u0119 poznawa\u0107 nowe gry, ale ch\u0119tnie te\u017c wracam do starszych, sprawdzonych tytu\u0142\u00f3w, wi\u0119c bawi\u0119 si\u0119 z GRAnatowa Czelend\u017c i dzia\u0142am w kapitule tej grupy. A w 2020 roku do\u0142\u0105czy\u0142am do Kapitu\u0142y przyznaj\u0105cej presti\u017cow\u0105 nagrod\u0119: Planszowa Gra Roku. My\u015bl\u0119, \u017ce jakie\u015b do\u015bwiadczenie w plansz\u00f3wkach mam, wi\u0119c ch\u0119tnie si\u0119 moj\u0105 wiedz\u0105 i przemy\u015bleniami z Wami podziel\u0119. Zapraszam do czytania i komentowania \ud83d\ude0a\",\"sameAs\":[\"http:\/\/pasjeoli.pl\",\"https:\/\/www.facebook.com\/PasjOla-Planszowa-104986327782886\",\"https:\/\/instagram.com\/oladaninsta\"]}]}<\/script>\n<!-- \/ Yoast SEO plugin. -->","yoast_head_json":{"title":"Str\u00f3\u017ce - Jakub \u0106wiek | Pasje Oli","description":"\"Str\u00f3\u017ce\" to kolejna opowie\u015b\u0107 ze \u015bwiata K\u0142amcy. Loki tym razem jest na drugim planie, ale knuje jak zawsze. Cho\u0107 Str\u00f3\u017ce go pilnuj\u0105.","robots":{"index":"index","follow":"follow","max-snippet":"max-snippet:-1","max-image-preview":"max-image-preview:large","max-video-preview":"max-video-preview:-1"},"canonical":"https:\/\/pasjeoli.pl\/index.php\/2025\/10\/18\/stroze-jakub-cwiek\/","og_locale":"pl_PL","og_type":"article","og_title":"Str\u00f3\u017ce - Jakub \u0106wiek | Pasje Oli","og_description":"\"Str\u00f3\u017ce\" to kolejna opowie\u015b\u0107 ze \u015bwiata K\u0142amcy. Loki tym razem jest na drugim planie, ale knuje jak zawsze. Cho\u0107 Str\u00f3\u017ce go pilnuj\u0105.","og_url":"https:\/\/pasjeoli.pl\/index.php\/2025\/10\/18\/stroze-jakub-cwiek\/","og_site_name":"Pasje Oli","article_publisher":"https:\/\/www.facebook.com\/PasjOla-Planszowa-104986327782886","article_author":"https:\/\/www.facebook.com\/PasjOla-Planszowa-104986327782886","article_published_time":"2025-10-18T07:19:26+00:00","article_modified_time":"2025-10-18T07:19:27+00:00","og_image":[{"width":2560,"height":2560,"url":"http:\/\/pasjeoli.pl\/wp-content\/uploads\/2025\/10\/Stroze-scaled.jpg","type":"image\/jpeg"}],"author":"PasjOla","twitter_card":"summary_large_image","twitter_misc":{"Napisane przez":"PasjOla","Szacowany czas czytania":"2 minuty"},"schema":{"@context":"https:\/\/schema.org","@graph":[{"@type":"Article","@id":"https:\/\/pasjeoli.pl\/index.php\/2025\/10\/18\/stroze-jakub-cwiek\/#article","isPartOf":{"@id":"https:\/\/pasjeoli.pl\/index.php\/2025\/10\/18\/stroze-jakub-cwiek\/"},"author":{"name":"PasjOla","@id":"https:\/\/pasjeoli.pl\/#\/schema\/person\/5170a61426bd1cff4c4c277af668c4ac"},"headline":"Str\u00f3\u017ce &#8211; Jakub \u0106wiek","datePublished":"2025-10-18T07:19:26+00:00","dateModified":"2025-10-18T07:19:27+00:00","mainEntityOfPage":{"@id":"https:\/\/pasjeoli.pl\/index.php\/2025\/10\/18\/stroze-jakub-cwiek\/"},"wordCount":366,"publisher":{"@id":"https:\/\/pasjeoli.pl\/#\/schema\/person\/5170a61426bd1cff4c4c277af668c4ac"},"image":{"@id":"https:\/\/pasjeoli.pl\/index.php\/2025\/10\/18\/stroze-jakub-cwiek\/#primaryimage"},"thumbnailUrl":"https:\/\/pasjeoli.pl\/wp-content\/uploads\/2025\/10\/Stroze-scaled.jpg","keywords":["fantastyka"],"articleSection":["Z mojej biblioteczki"],"inLanguage":"pl-PL"},{"@type":"WebPage","@id":"https:\/\/pasjeoli.pl\/index.php\/2025\/10\/18\/stroze-jakub-cwiek\/","url":"https:\/\/pasjeoli.pl\/index.php\/2025\/10\/18\/stroze-jakub-cwiek\/","name":"Str\u00f3\u017ce - Jakub \u0106wiek | Pasje Oli","isPartOf":{"@id":"https:\/\/pasjeoli.pl\/#website"},"primaryImageOfPage":{"@id":"https:\/\/pasjeoli.pl\/index.php\/2025\/10\/18\/stroze-jakub-cwiek\/#primaryimage"},"image":{"@id":"https:\/\/pasjeoli.pl\/index.php\/2025\/10\/18\/stroze-jakub-cwiek\/#primaryimage"},"thumbnailUrl":"https:\/\/pasjeoli.pl\/wp-content\/uploads\/2025\/10\/Stroze-scaled.jpg","datePublished":"2025-10-18T07:19:26+00:00","dateModified":"2025-10-18T07:19:27+00:00","description":"\"Str\u00f3\u017ce\" to kolejna opowie\u015b\u0107 ze \u015bwiata K\u0142amcy. Loki tym razem jest na drugim planie, ale knuje jak zawsze. Cho\u0107 Str\u00f3\u017ce go pilnuj\u0105.","breadcrumb":{"@id":"https:\/\/pasjeoli.pl\/index.php\/2025\/10\/18\/stroze-jakub-cwiek\/#breadcrumb"},"inLanguage":"pl-PL","potentialAction":[{"@type":"ReadAction","target":["https:\/\/pasjeoli.pl\/index.php\/2025\/10\/18\/stroze-jakub-cwiek\/"]}]},{"@type":"ImageObject","inLanguage":"pl-PL","@id":"https:\/\/pasjeoli.pl\/index.php\/2025\/10\/18\/stroze-jakub-cwiek\/#primaryimage","url":"https:\/\/pasjeoli.pl\/wp-content\/uploads\/2025\/10\/Stroze-scaled.jpg","contentUrl":"https:\/\/pasjeoli.pl\/wp-content\/uploads\/2025\/10\/Stroze-scaled.jpg","width":2560,"height":2560,"caption":"Str\u00f3\u017ce - Jakub \u0106wiek"},{"@type":"BreadcrumbList","@id":"https:\/\/pasjeoli.pl\/index.php\/2025\/10\/18\/stroze-jakub-cwiek\/#breadcrumb","itemListElement":[{"@type":"ListItem","position":1,"name":"Strona g\u0142\u00f3wna","item":"https:\/\/pasjeoli.pl\/"},{"@type":"ListItem","position":2,"name":"Str\u00f3\u017ce &#8211; Jakub \u0106wiek"}]},{"@type":"WebSite","@id":"https:\/\/pasjeoli.pl\/#website","url":"https:\/\/pasjeoli.pl\/","name":"Pasje Oli","description":"Gry planszowe i ksi\u0105\u017cki - opisy, wra\u017cenia, recenzje","publisher":{"@id":"https:\/\/pasjeoli.pl\/#\/schema\/person\/5170a61426bd1cff4c4c277af668c4ac"},"potentialAction":[{"@type":"SearchAction","target":{"@type":"EntryPoint","urlTemplate":"https:\/\/pasjeoli.pl\/?s={search_term_string}"},"query-input":{"@type":"PropertyValueSpecification","valueRequired":true,"valueName":"search_term_string"}}],"inLanguage":"pl-PL"},{"@type":["Person","Organization"],"@id":"https:\/\/pasjeoli.pl\/#\/schema\/person\/5170a61426bd1cff4c4c277af668c4ac","name":"PasjOla","image":{"@type":"ImageObject","inLanguage":"pl-PL","@id":"https:\/\/pasjeoli.pl\/#\/schema\/person\/image\/","url":"https:\/\/pasjeoli.pl\/wp-content\/uploads\/2022\/05\/PasjeOli4.png","contentUrl":"https:\/\/pasjeoli.pl\/wp-content\/uploads\/2022\/05\/PasjeOli4.png","width":500,"height":500,"caption":"PasjOla"},"logo":{"@id":"https:\/\/pasjeoli.pl\/#\/schema\/person\/image\/"},"description":"Jestem Ola, a moj\u0105 pasj\u0105 (no, jedn\u0105 z wielu) s\u0105 plansz\u00f3wki. W \u015bwiecie plansz\u00f3wkowym funkcjonuj\u0119 ponad 10 lat. Wszystko zacz\u0119\u0142o si\u0119 od po\u017cyczania gier od kolegi, a potem trafi\u0142am na jeden z pierwszych Pionk\u00f3w, organizowanych w MDK w Gliwicach. I plansz\u00f3wkowe hobby ca\u0142kowicie mnie wci\u0105gn\u0119\u0142o. Nadal, je\u015bli tylko mog\u0119, to je\u017cd\u017c\u0119 na konwenty, gdzie grywam nie tylko w zapowiedzi wydawnicze. Na Facebook'u wyst\u0119puj\u0119 jako PasjOla Planszowa. Znajdziecie mnie te\u017c na Instagramie jako OlaDanInsta Lubi\u0119 poznawa\u0107 nowe gry, ale ch\u0119tnie te\u017c wracam do starszych, sprawdzonych tytu\u0142\u00f3w, wi\u0119c bawi\u0119 si\u0119 z GRAnatowa Czelend\u017c i dzia\u0142am w kapitule tej grupy. A w 2020 roku do\u0142\u0105czy\u0142am do Kapitu\u0142y przyznaj\u0105cej presti\u017cow\u0105 nagrod\u0119: Planszowa Gra Roku. My\u015bl\u0119, \u017ce jakie\u015b do\u015bwiadczenie w plansz\u00f3wkach mam, wi\u0119c ch\u0119tnie si\u0119 moj\u0105 wiedz\u0105 i przemy\u015bleniami z Wami podziel\u0119. Zapraszam do czytania i komentowania \ud83d\ude0a","sameAs":["http:\/\/pasjeoli.pl","https:\/\/www.facebook.com\/PasjOla-Planszowa-104986327782886","https:\/\/instagram.com\/oladaninsta"]}]}},"_links":{"self":[{"href":"https:\/\/pasjeoli.pl\/index.php\/wp-json\/wp\/v2\/posts\/6337"}],"collection":[{"href":"https:\/\/pasjeoli.pl\/index.php\/wp-json\/wp\/v2\/posts"}],"about":[{"href":"https:\/\/pasjeoli.pl\/index.php\/wp-json\/wp\/v2\/types\/post"}],"author":[{"embeddable":true,"href":"https:\/\/pasjeoli.pl\/index.php\/wp-json\/wp\/v2\/users\/1"}],"replies":[{"embeddable":true,"href":"https:\/\/pasjeoli.pl\/index.php\/wp-json\/wp\/v2\/comments?post=6337"}],"version-history":[{"count":6,"href":"https:\/\/pasjeoli.pl\/index.php\/wp-json\/wp\/v2\/posts\/6337\/revisions"}],"predecessor-version":[{"id":6345,"href":"https:\/\/pasjeoli.pl\/index.php\/wp-json\/wp\/v2\/posts\/6337\/revisions\/6345"}],"wp:featuredmedia":[{"embeddable":true,"href":"https:\/\/pasjeoli.pl\/index.php\/wp-json\/wp\/v2\/media\/6342"}],"wp:attachment":[{"href":"https:\/\/pasjeoli.pl\/index.php\/wp-json\/wp\/v2\/media?parent=6337"}],"wp:term":[{"taxonomy":"category","embeddable":true,"href":"https:\/\/pasjeoli.pl\/index.php\/wp-json\/wp\/v2\/categories?post=6337"},{"taxonomy":"post_tag","embeddable":true,"href":"https:\/\/pasjeoli.pl\/index.php\/wp-json\/wp\/v2\/tags?post=6337"}],"curies":[{"name":"wp","href":"https:\/\/api.w.org\/{rel}","templated":true}]}}