{"id":6348,"date":"2025-10-18T10:12:09","date_gmt":"2025-10-18T08:12:09","guid":{"rendered":"https:\/\/pasjeoli.pl\/?p=6348"},"modified":"2025-10-18T10:12:09","modified_gmt":"2025-10-18T08:12:09","slug":"wbrew-pozorom-hanna-bilinska-stecyszyn","status":"publish","type":"post","link":"https:\/\/pasjeoli.pl\/index.php\/2025\/10\/18\/wbrew-pozorom-hanna-bilinska-stecyszyn\/","title":{"rendered":"Wbrew pozorom &#8211; Hanna Bili\u0144ska-Stecyszyn"},"content":{"rendered":"\n<p>80\/2025<strong> \u201eWbrew pozorom\u201d <em>Hanna Bili\u0144ska &#8211; Stecyszyn<\/em><\/strong><\/p>\n\n\n\n<p>Zdarza si\u0119 wam si\u0119ga\u0107 po ksi\u0105\u017ck\u0119 nic o niej nie wiedz\u0105c? Gdy jeste\u015bcie na targach ksi\u0105\u017cki i to autor namawia was do zakupu swojej tw\u00f3rczo\u015bci? I w kilku kr\u00f3tkich zdaniach m\u00f3wi o ksi\u0105\u017cce co\u015b, co was przyci\u0105ga? No, ja tak mam, najcz\u0119\u015bciej na Festiwalu Ksi\u0105\u017cki w Opolu, gdzie naby\u0142am t\u0119 pozycj\u0119. <\/p>\n\n\n\n<p>Czy warto by\u0107 zawsze prawym cz\u0142owiekiem? Czy z\u0142o\u017cone przyrzeczenia powinny by\u0107 wa\u017cniejsze ni\u017c to, co m\u00f3wi serce, ni\u017c gor\u0105ce uczucie i potrzeba szcz\u0119\u015bcia?<\/p>\n\n\n\n<p>Adam stara si\u0119 by\u0107 dobrym cz\u0142owiekiem. Nie jest szcz\u0119\u015bliwy w ma\u0142\u017ce\u0144stwie zawartym z rozs\u0105dku. Ale przysi\u0119ga zobowi\u0105zuje. \u017byje w cieniu swojej \u017cony, coraz bardziej b\u0119d\u0105c przez ni\u0105 zdominowanym. Nie wie, \u017ce kobieta robi mu na z\u0142o\u015b\u0107 za to, \u017ce jest taki potulny. Sama miota si\u0119 mi\u0119dzy dawnym gor\u0105cym uczuciem i obecnymi obowi\u0105zkami \u017cony i matki. Ten zwi\u0105zek nie ma przysz\u0142o\u015bci, a mimo to wci\u0105\u017c trwa. Adam i Lila s\u0105 jednak w nim nieszcz\u0119\u015bliwi. <\/p>\n\n\n\n<p>Kasia i Marek s\u0105 m\u0142odym ma\u0142\u017ce\u0144stwem. Uwa\u017caj\u0105, \u017ce s\u0105 dla siebie stworzeni. Jedyne, co bru\u017adzi w ich zwi\u0105zku to te\u015bciowa Kasi, Eleonora. Apodyktyczna kobieta, kt\u00f3ra domaga si\u0119 bycia w centrum uwagi. A Marek nie potrafi jej si\u0119 sprzeciwi\u0107. Gdy na ich drodze pojawia si\u0119 Stokrotka, wkr\u00f3tce okazuje si\u0119, \u017ce ka\u017cde z rodzic\u00f3w Marka ukrywa jak\u0105\u015b prawd\u0119 o sobie. <\/p>\n\n\n\n<p>Czy pozwoli to m\u0142odym zawalczy\u0107 o ich zwi\u0105zek? Czy nie jest za p\u00f3\u017ano na prawdziw\u0105 mi\u0142o\u015b\u0107?<\/p>\n\n\n\n<p>Na ogromny plus zas\u0142uguje wydanie ksi\u0105\u017cki. &#8222;Wbrew pozorom&#8221; ma du\u017cy druk, kt\u00f3ry powoduje, \u017ce oczy nie m\u0119cz\u0105 si\u0119 przy czytaniu, a ca\u0142\u0105 histori\u0119 bardzo szybko si\u0119 poch\u0142ania. To kolejna historia, niby podobna do wcze\u015bniej napisanych, a jednak troch\u0119 inna. Jest po prostu \u017cyciowa. Nie do\u0142uj\u0105ca, wr\u0119cz przeciwnie &#8211; daj\u0105ca nadziej\u0119, cho\u0107 nie przes\u0142odzona. Mnie zach\u0119ci\u0142a do si\u0119gni\u0119cia po inne ksi\u0105\u017cki autorki.<\/p>\n\n\n\n<p><\/p>\n\n\n\n<p><strong>MOJA OCENA: 7\/10<\/strong><\/p>\n\n\n\n<p><a href=\"https:\/\/silverow.pl\/?srsltid=AfmBOoooLd6XgSmBz368MHqovscj7TK_7Vhz4Tz_QLyjmDcG1cdmwImd\" target=\"_blank\" rel=\"noreferrer noopener\">Wydawnictwo Siver<\/a><\/p>\n\n\n\n<p>O innej przyjemnej obyczaj\u00f3wce pisa\u0142am <a href=\"https:\/\/pasjeoli.pl\/index.php\/2025\/08\/14\/plac-literacki-7-justyna-grosicka\/\" target=\"_blank\" rel=\"noreferrer noopener\">TUTAJ<\/a>.<\/p>\n","protected":false},"excerpt":{"rendered":"<p>&#8222;Wbrew pozorom&#8221; to historia nieszcz\u0119\u015bliwej mi\u0142o\u015bci i walki o swoje uczucia. Czy warto tkwi\u0107 w zwi\u0105zku mimo wszystko?<\/p>\n","protected":false},"author":1,"featured_media":6357,"comment_status":"closed","ping_status":"closed","sticky":false,"template":"","format":"standard","meta":{"footnotes":""},"categories":[95],"tags":[107],"yoast_head":"<!-- This site is optimized with the Yoast SEO plugin v23.4 - https:\/\/yoast.com\/wordpress\/plugins\/seo\/ -->\n<title>Wbrew pozorom - Hanna Bili\u0144ska-Stecyszyn | Pasje Oli<\/title>\n<meta name=\"description\" content=\"&quot;Wbrew pozorom&quot; to historia nieszcz\u0119\u015bliwej mi\u0142o\u015bci i walki o swoje uczucia. Czy warto tkwi\u0107 w zwi\u0105zku mimo wszystko?\" \/>\n<meta name=\"robots\" content=\"index, follow, max-snippet:-1, max-image-preview:large, max-video-preview:-1\" \/>\n<link rel=\"canonical\" href=\"https:\/\/pasjeoli.pl\/index.php\/2025\/10\/18\/wbrew-pozorom-hanna-bilinska-stecyszyn\/\" \/>\n<meta property=\"og:locale\" content=\"pl_PL\" \/>\n<meta property=\"og:type\" content=\"article\" \/>\n<meta property=\"og:title\" content=\"Wbrew pozorom - Hanna Bili\u0144ska-Stecyszyn | Pasje Oli\" \/>\n<meta property=\"og:description\" content=\"&quot;Wbrew pozorom&quot; to historia nieszcz\u0119\u015bliwej mi\u0142o\u015bci i walki o swoje uczucia. Czy warto tkwi\u0107 w zwi\u0105zku mimo wszystko?\" \/>\n<meta property=\"og:url\" content=\"https:\/\/pasjeoli.pl\/index.php\/2025\/10\/18\/wbrew-pozorom-hanna-bilinska-stecyszyn\/\" \/>\n<meta property=\"og:site_name\" content=\"Pasje Oli\" \/>\n<meta property=\"article:publisher\" content=\"https:\/\/www.facebook.com\/PasjOla-Planszowa-104986327782886\" \/>\n<meta property=\"article:author\" content=\"https:\/\/www.facebook.com\/PasjOla-Planszowa-104986327782886\" \/>\n<meta property=\"article:published_time\" content=\"2025-10-18T08:12:09+00:00\" \/>\n<meta property=\"og:image\" content=\"http:\/\/pasjeoli.pl\/wp-content\/uploads\/2025\/10\/WbrewPozorom-scaled.jpg\" \/>\n\t<meta property=\"og:image:width\" content=\"2560\" \/>\n\t<meta property=\"og:image:height\" content=\"2560\" \/>\n\t<meta property=\"og:image:type\" content=\"image\/jpeg\" \/>\n<meta name=\"author\" content=\"PasjOla\" \/>\n<meta name=\"twitter:card\" content=\"summary_large_image\" \/>\n<meta name=\"twitter:label1\" content=\"Napisane przez\" \/>\n\t<meta name=\"twitter:data1\" content=\"PasjOla\" \/>\n\t<meta name=\"twitter:label2\" content=\"Szacowany czas czytania\" \/>\n\t<meta name=\"twitter:data2\" content=\"2 minuty\" \/>\n<script type=\"application\/ld+json\" class=\"yoast-schema-graph\">{\"@context\":\"https:\/\/schema.org\",\"@graph\":[{\"@type\":\"Article\",\"@id\":\"https:\/\/pasjeoli.pl\/index.php\/2025\/10\/18\/wbrew-pozorom-hanna-bilinska-stecyszyn\/#article\",\"isPartOf\":{\"@id\":\"https:\/\/pasjeoli.pl\/index.php\/2025\/10\/18\/wbrew-pozorom-hanna-bilinska-stecyszyn\/\"},\"author\":{\"name\":\"PasjOla\",\"@id\":\"https:\/\/pasjeoli.pl\/#\/schema\/person\/5170a61426bd1cff4c4c277af668c4ac\"},\"headline\":\"Wbrew pozorom &#8211; Hanna Bili\u0144ska-Stecyszyn\",\"datePublished\":\"2025-10-18T08:12:09+00:00\",\"dateModified\":\"2025-10-18T08:12:09+00:00\",\"mainEntityOfPage\":{\"@id\":\"https:\/\/pasjeoli.pl\/index.php\/2025\/10\/18\/wbrew-pozorom-hanna-bilinska-stecyszyn\/\"},\"wordCount\":377,\"publisher\":{\"@id\":\"https:\/\/pasjeoli.pl\/#\/schema\/person\/5170a61426bd1cff4c4c277af668c4ac\"},\"image\":{\"@id\":\"https:\/\/pasjeoli.pl\/index.php\/2025\/10\/18\/wbrew-pozorom-hanna-bilinska-stecyszyn\/#primaryimage\"},\"thumbnailUrl\":\"https:\/\/pasjeoli.pl\/wp-content\/uploads\/2025\/10\/WbrewPozorom-scaled.jpg\",\"keywords\":[\"literatura obyczajowa\"],\"articleSection\":[\"Z mojej biblioteczki\"],\"inLanguage\":\"pl-PL\"},{\"@type\":\"WebPage\",\"@id\":\"https:\/\/pasjeoli.pl\/index.php\/2025\/10\/18\/wbrew-pozorom-hanna-bilinska-stecyszyn\/\",\"url\":\"https:\/\/pasjeoli.pl\/index.php\/2025\/10\/18\/wbrew-pozorom-hanna-bilinska-stecyszyn\/\",\"name\":\"Wbrew pozorom - Hanna Bili\u0144ska-Stecyszyn | Pasje Oli\",\"isPartOf\":{\"@id\":\"https:\/\/pasjeoli.pl\/#website\"},\"primaryImageOfPage\":{\"@id\":\"https:\/\/pasjeoli.pl\/index.php\/2025\/10\/18\/wbrew-pozorom-hanna-bilinska-stecyszyn\/#primaryimage\"},\"image\":{\"@id\":\"https:\/\/pasjeoli.pl\/index.php\/2025\/10\/18\/wbrew-pozorom-hanna-bilinska-stecyszyn\/#primaryimage\"},\"thumbnailUrl\":\"https:\/\/pasjeoli.pl\/wp-content\/uploads\/2025\/10\/WbrewPozorom-scaled.jpg\",\"datePublished\":\"2025-10-18T08:12:09+00:00\",\"dateModified\":\"2025-10-18T08:12:09+00:00\",\"description\":\"\\\"Wbrew pozorom\\\" to historia nieszcz\u0119\u015bliwej mi\u0142o\u015bci i walki o swoje uczucia. Czy warto tkwi\u0107 w zwi\u0105zku mimo wszystko?\",\"breadcrumb\":{\"@id\":\"https:\/\/pasjeoli.pl\/index.php\/2025\/10\/18\/wbrew-pozorom-hanna-bilinska-stecyszyn\/#breadcrumb\"},\"inLanguage\":\"pl-PL\",\"potentialAction\":[{\"@type\":\"ReadAction\",\"target\":[\"https:\/\/pasjeoli.pl\/index.php\/2025\/10\/18\/wbrew-pozorom-hanna-bilinska-stecyszyn\/\"]}]},{\"@type\":\"ImageObject\",\"inLanguage\":\"pl-PL\",\"@id\":\"https:\/\/pasjeoli.pl\/index.php\/2025\/10\/18\/wbrew-pozorom-hanna-bilinska-stecyszyn\/#primaryimage\",\"url\":\"https:\/\/pasjeoli.pl\/wp-content\/uploads\/2025\/10\/WbrewPozorom-scaled.jpg\",\"contentUrl\":\"https:\/\/pasjeoli.pl\/wp-content\/uploads\/2025\/10\/WbrewPozorom-scaled.jpg\",\"width\":2560,\"height\":2560,\"caption\":\"Wbrew pozorom - Hanna Bili\u0144ska - Stecyszyn\"},{\"@type\":\"BreadcrumbList\",\"@id\":\"https:\/\/pasjeoli.pl\/index.php\/2025\/10\/18\/wbrew-pozorom-hanna-bilinska-stecyszyn\/#breadcrumb\",\"itemListElement\":[{\"@type\":\"ListItem\",\"position\":1,\"name\":\"Strona g\u0142\u00f3wna\",\"item\":\"https:\/\/pasjeoli.pl\/\"},{\"@type\":\"ListItem\",\"position\":2,\"name\":\"Wbrew pozorom &#8211; Hanna Bili\u0144ska-Stecyszyn\"}]},{\"@type\":\"WebSite\",\"@id\":\"https:\/\/pasjeoli.pl\/#website\",\"url\":\"https:\/\/pasjeoli.pl\/\",\"name\":\"Pasje Oli\",\"description\":\"Gry planszowe i ksi\u0105\u017cki - opisy, wra\u017cenia, recenzje\",\"publisher\":{\"@id\":\"https:\/\/pasjeoli.pl\/#\/schema\/person\/5170a61426bd1cff4c4c277af668c4ac\"},\"potentialAction\":[{\"@type\":\"SearchAction\",\"target\":{\"@type\":\"EntryPoint\",\"urlTemplate\":\"https:\/\/pasjeoli.pl\/?s={search_term_string}\"},\"query-input\":{\"@type\":\"PropertyValueSpecification\",\"valueRequired\":true,\"valueName\":\"search_term_string\"}}],\"inLanguage\":\"pl-PL\"},{\"@type\":[\"Person\",\"Organization\"],\"@id\":\"https:\/\/pasjeoli.pl\/#\/schema\/person\/5170a61426bd1cff4c4c277af668c4ac\",\"name\":\"PasjOla\",\"image\":{\"@type\":\"ImageObject\",\"inLanguage\":\"pl-PL\",\"@id\":\"https:\/\/pasjeoli.pl\/#\/schema\/person\/image\/\",\"url\":\"https:\/\/pasjeoli.pl\/wp-content\/uploads\/2022\/05\/PasjeOli4.png\",\"contentUrl\":\"https:\/\/pasjeoli.pl\/wp-content\/uploads\/2022\/05\/PasjeOli4.png\",\"width\":500,\"height\":500,\"caption\":\"PasjOla\"},\"logo\":{\"@id\":\"https:\/\/pasjeoli.pl\/#\/schema\/person\/image\/\"},\"description\":\"Jestem Ola, a moj\u0105 pasj\u0105 (no, jedn\u0105 z wielu) s\u0105 plansz\u00f3wki. W \u015bwiecie plansz\u00f3wkowym funkcjonuj\u0119 ponad 10 lat. Wszystko zacz\u0119\u0142o si\u0119 od po\u017cyczania gier od kolegi, a potem trafi\u0142am na jeden z pierwszych Pionk\u00f3w, organizowanych w MDK w Gliwicach. I plansz\u00f3wkowe hobby ca\u0142kowicie mnie wci\u0105gn\u0119\u0142o. Nadal, je\u015bli tylko mog\u0119, to je\u017cd\u017c\u0119 na konwenty, gdzie grywam nie tylko w zapowiedzi wydawnicze. Na Facebook'u wyst\u0119puj\u0119 jako PasjOla Planszowa. Znajdziecie mnie te\u017c na Instagramie jako OlaDanInsta Lubi\u0119 poznawa\u0107 nowe gry, ale ch\u0119tnie te\u017c wracam do starszych, sprawdzonych tytu\u0142\u00f3w, wi\u0119c bawi\u0119 si\u0119 z GRAnatowa Czelend\u017c i dzia\u0142am w kapitule tej grupy. A w 2020 roku do\u0142\u0105czy\u0142am do Kapitu\u0142y przyznaj\u0105cej presti\u017cow\u0105 nagrod\u0119: Planszowa Gra Roku. My\u015bl\u0119, \u017ce jakie\u015b do\u015bwiadczenie w plansz\u00f3wkach mam, wi\u0119c ch\u0119tnie si\u0119 moj\u0105 wiedz\u0105 i przemy\u015bleniami z Wami podziel\u0119. Zapraszam do czytania i komentowania \ud83d\ude0a\",\"sameAs\":[\"http:\/\/pasjeoli.pl\",\"https:\/\/www.facebook.com\/PasjOla-Planszowa-104986327782886\",\"https:\/\/instagram.com\/oladaninsta\"]}]}<\/script>\n<!-- \/ Yoast SEO plugin. -->","yoast_head_json":{"title":"Wbrew pozorom - Hanna Bili\u0144ska-Stecyszyn | Pasje Oli","description":"\"Wbrew pozorom\" to historia nieszcz\u0119\u015bliwej mi\u0142o\u015bci i walki o swoje uczucia. Czy warto tkwi\u0107 w zwi\u0105zku mimo wszystko?","robots":{"index":"index","follow":"follow","max-snippet":"max-snippet:-1","max-image-preview":"max-image-preview:large","max-video-preview":"max-video-preview:-1"},"canonical":"https:\/\/pasjeoli.pl\/index.php\/2025\/10\/18\/wbrew-pozorom-hanna-bilinska-stecyszyn\/","og_locale":"pl_PL","og_type":"article","og_title":"Wbrew pozorom - Hanna Bili\u0144ska-Stecyszyn | Pasje Oli","og_description":"\"Wbrew pozorom\" to historia nieszcz\u0119\u015bliwej mi\u0142o\u015bci i walki o swoje uczucia. Czy warto tkwi\u0107 w zwi\u0105zku mimo wszystko?","og_url":"https:\/\/pasjeoli.pl\/index.php\/2025\/10\/18\/wbrew-pozorom-hanna-bilinska-stecyszyn\/","og_site_name":"Pasje Oli","article_publisher":"https:\/\/www.facebook.com\/PasjOla-Planszowa-104986327782886","article_author":"https:\/\/www.facebook.com\/PasjOla-Planszowa-104986327782886","article_published_time":"2025-10-18T08:12:09+00:00","og_image":[{"width":2560,"height":2560,"url":"http:\/\/pasjeoli.pl\/wp-content\/uploads\/2025\/10\/WbrewPozorom-scaled.jpg","type":"image\/jpeg"}],"author":"PasjOla","twitter_card":"summary_large_image","twitter_misc":{"Napisane przez":"PasjOla","Szacowany czas czytania":"2 minuty"},"schema":{"@context":"https:\/\/schema.org","@graph":[{"@type":"Article","@id":"https:\/\/pasjeoli.pl\/index.php\/2025\/10\/18\/wbrew-pozorom-hanna-bilinska-stecyszyn\/#article","isPartOf":{"@id":"https:\/\/pasjeoli.pl\/index.php\/2025\/10\/18\/wbrew-pozorom-hanna-bilinska-stecyszyn\/"},"author":{"name":"PasjOla","@id":"https:\/\/pasjeoli.pl\/#\/schema\/person\/5170a61426bd1cff4c4c277af668c4ac"},"headline":"Wbrew pozorom &#8211; Hanna Bili\u0144ska-Stecyszyn","datePublished":"2025-10-18T08:12:09+00:00","dateModified":"2025-10-18T08:12:09+00:00","mainEntityOfPage":{"@id":"https:\/\/pasjeoli.pl\/index.php\/2025\/10\/18\/wbrew-pozorom-hanna-bilinska-stecyszyn\/"},"wordCount":377,"publisher":{"@id":"https:\/\/pasjeoli.pl\/#\/schema\/person\/5170a61426bd1cff4c4c277af668c4ac"},"image":{"@id":"https:\/\/pasjeoli.pl\/index.php\/2025\/10\/18\/wbrew-pozorom-hanna-bilinska-stecyszyn\/#primaryimage"},"thumbnailUrl":"https:\/\/pasjeoli.pl\/wp-content\/uploads\/2025\/10\/WbrewPozorom-scaled.jpg","keywords":["literatura obyczajowa"],"articleSection":["Z mojej biblioteczki"],"inLanguage":"pl-PL"},{"@type":"WebPage","@id":"https:\/\/pasjeoli.pl\/index.php\/2025\/10\/18\/wbrew-pozorom-hanna-bilinska-stecyszyn\/","url":"https:\/\/pasjeoli.pl\/index.php\/2025\/10\/18\/wbrew-pozorom-hanna-bilinska-stecyszyn\/","name":"Wbrew pozorom - Hanna Bili\u0144ska-Stecyszyn | Pasje Oli","isPartOf":{"@id":"https:\/\/pasjeoli.pl\/#website"},"primaryImageOfPage":{"@id":"https:\/\/pasjeoli.pl\/index.php\/2025\/10\/18\/wbrew-pozorom-hanna-bilinska-stecyszyn\/#primaryimage"},"image":{"@id":"https:\/\/pasjeoli.pl\/index.php\/2025\/10\/18\/wbrew-pozorom-hanna-bilinska-stecyszyn\/#primaryimage"},"thumbnailUrl":"https:\/\/pasjeoli.pl\/wp-content\/uploads\/2025\/10\/WbrewPozorom-scaled.jpg","datePublished":"2025-10-18T08:12:09+00:00","dateModified":"2025-10-18T08:12:09+00:00","description":"\"Wbrew pozorom\" to historia nieszcz\u0119\u015bliwej mi\u0142o\u015bci i walki o swoje uczucia. Czy warto tkwi\u0107 w zwi\u0105zku mimo wszystko?","breadcrumb":{"@id":"https:\/\/pasjeoli.pl\/index.php\/2025\/10\/18\/wbrew-pozorom-hanna-bilinska-stecyszyn\/#breadcrumb"},"inLanguage":"pl-PL","potentialAction":[{"@type":"ReadAction","target":["https:\/\/pasjeoli.pl\/index.php\/2025\/10\/18\/wbrew-pozorom-hanna-bilinska-stecyszyn\/"]}]},{"@type":"ImageObject","inLanguage":"pl-PL","@id":"https:\/\/pasjeoli.pl\/index.php\/2025\/10\/18\/wbrew-pozorom-hanna-bilinska-stecyszyn\/#primaryimage","url":"https:\/\/pasjeoli.pl\/wp-content\/uploads\/2025\/10\/WbrewPozorom-scaled.jpg","contentUrl":"https:\/\/pasjeoli.pl\/wp-content\/uploads\/2025\/10\/WbrewPozorom-scaled.jpg","width":2560,"height":2560,"caption":"Wbrew pozorom - Hanna Bili\u0144ska - Stecyszyn"},{"@type":"BreadcrumbList","@id":"https:\/\/pasjeoli.pl\/index.php\/2025\/10\/18\/wbrew-pozorom-hanna-bilinska-stecyszyn\/#breadcrumb","itemListElement":[{"@type":"ListItem","position":1,"name":"Strona g\u0142\u00f3wna","item":"https:\/\/pasjeoli.pl\/"},{"@type":"ListItem","position":2,"name":"Wbrew pozorom &#8211; Hanna Bili\u0144ska-Stecyszyn"}]},{"@type":"WebSite","@id":"https:\/\/pasjeoli.pl\/#website","url":"https:\/\/pasjeoli.pl\/","name":"Pasje Oli","description":"Gry planszowe i ksi\u0105\u017cki - opisy, wra\u017cenia, recenzje","publisher":{"@id":"https:\/\/pasjeoli.pl\/#\/schema\/person\/5170a61426bd1cff4c4c277af668c4ac"},"potentialAction":[{"@type":"SearchAction","target":{"@type":"EntryPoint","urlTemplate":"https:\/\/pasjeoli.pl\/?s={search_term_string}"},"query-input":{"@type":"PropertyValueSpecification","valueRequired":true,"valueName":"search_term_string"}}],"inLanguage":"pl-PL"},{"@type":["Person","Organization"],"@id":"https:\/\/pasjeoli.pl\/#\/schema\/person\/5170a61426bd1cff4c4c277af668c4ac","name":"PasjOla","image":{"@type":"ImageObject","inLanguage":"pl-PL","@id":"https:\/\/pasjeoli.pl\/#\/schema\/person\/image\/","url":"https:\/\/pasjeoli.pl\/wp-content\/uploads\/2022\/05\/PasjeOli4.png","contentUrl":"https:\/\/pasjeoli.pl\/wp-content\/uploads\/2022\/05\/PasjeOli4.png","width":500,"height":500,"caption":"PasjOla"},"logo":{"@id":"https:\/\/pasjeoli.pl\/#\/schema\/person\/image\/"},"description":"Jestem Ola, a moj\u0105 pasj\u0105 (no, jedn\u0105 z wielu) s\u0105 plansz\u00f3wki. W \u015bwiecie plansz\u00f3wkowym funkcjonuj\u0119 ponad 10 lat. Wszystko zacz\u0119\u0142o si\u0119 od po\u017cyczania gier od kolegi, a potem trafi\u0142am na jeden z pierwszych Pionk\u00f3w, organizowanych w MDK w Gliwicach. I plansz\u00f3wkowe hobby ca\u0142kowicie mnie wci\u0105gn\u0119\u0142o. Nadal, je\u015bli tylko mog\u0119, to je\u017cd\u017c\u0119 na konwenty, gdzie grywam nie tylko w zapowiedzi wydawnicze. Na Facebook'u wyst\u0119puj\u0119 jako PasjOla Planszowa. Znajdziecie mnie te\u017c na Instagramie jako OlaDanInsta Lubi\u0119 poznawa\u0107 nowe gry, ale ch\u0119tnie te\u017c wracam do starszych, sprawdzonych tytu\u0142\u00f3w, wi\u0119c bawi\u0119 si\u0119 z GRAnatowa Czelend\u017c i dzia\u0142am w kapitule tej grupy. A w 2020 roku do\u0142\u0105czy\u0142am do Kapitu\u0142y przyznaj\u0105cej presti\u017cow\u0105 nagrod\u0119: Planszowa Gra Roku. My\u015bl\u0119, \u017ce jakie\u015b do\u015bwiadczenie w plansz\u00f3wkach mam, wi\u0119c ch\u0119tnie si\u0119 moj\u0105 wiedz\u0105 i przemy\u015bleniami z Wami podziel\u0119. Zapraszam do czytania i komentowania \ud83d\ude0a","sameAs":["http:\/\/pasjeoli.pl","https:\/\/www.facebook.com\/PasjOla-Planszowa-104986327782886","https:\/\/instagram.com\/oladaninsta"]}]}},"_links":{"self":[{"href":"https:\/\/pasjeoli.pl\/index.php\/wp-json\/wp\/v2\/posts\/6348"}],"collection":[{"href":"https:\/\/pasjeoli.pl\/index.php\/wp-json\/wp\/v2\/posts"}],"about":[{"href":"https:\/\/pasjeoli.pl\/index.php\/wp-json\/wp\/v2\/types\/post"}],"author":[{"embeddable":true,"href":"https:\/\/pasjeoli.pl\/index.php\/wp-json\/wp\/v2\/users\/1"}],"replies":[{"embeddable":true,"href":"https:\/\/pasjeoli.pl\/index.php\/wp-json\/wp\/v2\/comments?post=6348"}],"version-history":[{"count":8,"href":"https:\/\/pasjeoli.pl\/index.php\/wp-json\/wp\/v2\/posts\/6348\/revisions"}],"predecessor-version":[{"id":6356,"href":"https:\/\/pasjeoli.pl\/index.php\/wp-json\/wp\/v2\/posts\/6348\/revisions\/6356"}],"wp:featuredmedia":[{"embeddable":true,"href":"https:\/\/pasjeoli.pl\/index.php\/wp-json\/wp\/v2\/media\/6357"}],"wp:attachment":[{"href":"https:\/\/pasjeoli.pl\/index.php\/wp-json\/wp\/v2\/media?parent=6348"}],"wp:term":[{"taxonomy":"category","embeddable":true,"href":"https:\/\/pasjeoli.pl\/index.php\/wp-json\/wp\/v2\/categories?post=6348"},{"taxonomy":"post_tag","embeddable":true,"href":"https:\/\/pasjeoli.pl\/index.php\/wp-json\/wp\/v2\/tags?post=6348"}],"curies":[{"name":"wp","href":"https:\/\/api.w.org\/{rel}","templated":true}]}}