{"id":6389,"date":"2025-10-23T09:34:28","date_gmt":"2025-10-23T07:34:28","guid":{"rendered":"https:\/\/pasjeoli.pl\/?p=6389"},"modified":"2025-10-23T09:34:29","modified_gmt":"2025-10-23T07:34:29","slug":"weles-opowiesci-z-podziemia-zbior-opowiadan","status":"publish","type":"post","link":"https:\/\/pasjeoli.pl\/index.php\/2025\/10\/23\/weles-opowiesci-z-podziemia-zbior-opowiadan\/","title":{"rendered":"&#8222;Weles. Opowie\u015bci z podziemia&#8221; &#8211; zbi\u00f3r opowiada\u0144"},"content":{"rendered":"\n<p>84\/2025 <strong>&#8222;Weles. Opowie\u015bci z podziemia&#8221; <em>Aleksandra Seliga, Marta Krajewska, Monika Maciewicz, Magdalena Wolff, Marcin Sindera, Grzegorz Gajek, Pawe\u0142 Majka, \u0141ukasz Malinowski, Wiktoria Korzeniewska, Franciszek M. Pi\u0105tkowski<\/em><\/strong><\/p>\n\n\n\n<p>Uwielbiam zbiory opowiada\u0144, bo pozwalaj\u0105 mi si\u0119 zapozna\u0107 z autorami, z kt\u00f3rymi jeszcze nie mia\u0142am do czynienia. Kr\u00f3tkie formy to pr\u00f3bka ich tw\u00f3rczo\u015bci, kt\u00f3ra daje mi jaki\u015b obraz wyobra\u017ani i sposobu pisania autora. Pozwala mi to te\u017c zdecydowa\u0107, czy chc\u0119 si\u0119gn\u0105\u0107 po pe\u0142noprawne ich ksi\u0105\u017cki. <\/p>\n\n\n\n<p>Nie inaczej by\u0142o i tym razem. Pozna\u0142am nowych autor\u00f3w i&#8230; dzi\u0119ki temu wiem, \u017ce po niekt\u00f3rych nie b\u0119d\u0119 ju\u017c si\u0119ga\u0107. Tak, ten zbi\u00f3r opowiada\u0144 niezbyt przypad\u0142 mi do gustu.<\/p>\n\n\n\n<p>Jednak na szczeg\u00f3ln\u0105 uwag\u0119 zas\u0142uguje &#8222;Ba\u015b\u0144 o narodzinach \u015bmierci&#8221; Wiktorii Korzeniewskiej. To moim zdaniem najlepsze opowiadanie. Z Welesem, panem \u015bmierci, kt\u00f3ry w\u0142a\u015bnie t\u0119 czynno\u015b\u0107 wynalaz\u0142, pierwsz\u0105 umieraj\u0105c\u0105 staruszk\u0105 i niespodziewanym zwrotem na ko\u0144cu. <\/p>\n\n\n\n<p>Na d\u0142ugo pozostanie mi w pami\u0119ci &#8222;G\u0142\u00f3d&#8221; Marcina Sindera. Przera\u017caj\u0105cy obraz tego, do czego zdolni s\u0105 ludzie, gdy potworny g\u0142\u00f3d zagl\u0105da w oczy.<\/p>\n\n\n\n<p>&#8222;Strzyga&#8221; Franciszka M. Pi\u0105tkowskiego przypad\u0142a mi do gustu, gdy\u017c bardzo lubi\u0119 Uniwersum Powiernika. Ka\u017cde opowiadanie z bohaterami z cyklu to dla mnie frajda. <\/p>\n\n\n\n<p>Pawe\u0142 Majka dokona\u0142 niecodziennego zabiegu i spowodowa\u0142, \u017ce po raz pierwszy spodoba\u0142a mi si\u0119 historia o Dzikim Zachodzie. &#8222;Sami&#8221; bowiem to po\u0142\u0105czenie s\u0142owia\u0144sko\u015bci i wierze\u0144 Indian. Nieoczywiste, ale znakomicie pasuj\u0105ce.<\/p>\n\n\n\n<p>Bardzo fajnym zabiegiem by\u0142o opatrzenie tego zbioru opowiada\u0144 wst\u0119pem przybli\u017caj\u0105cym posta\u0107 Welesa. Sk\u0105d wzi\u0119\u0142a si\u0119 jego nazwa, dlaczego ma takie atrybuty a nie inne. Pan Andrzej Szyjewski w do\u015b\u0107 naukowy spos\u00f3b opowiedzia\u0142 czytelnikom o Wo\u0142osie. Cho\u0107 brakuje tutaj bibliografii, na kt\u00f3rej si\u0119 opiera\u0142. <\/p>\n\n\n\n<p>&#8222;Weles. Opowie\u015bci z podziemia&#8221; warto przeczyta\u0107 o tyle, by zobaczy\u0107 jak z tematem zmierzyli si\u0119 poszczeg\u00f3lni autorzy i czy ten zamys\u0142 im si\u0119 powi\u00f3d\u0142. Moim zdaniem &#8211; nie wszystkim. <\/p>\n\n\n\n<p><\/p>\n\n\n\n<p><strong>MOJA OCENA: 6\/10<\/strong><\/p>\n\n\n\n<p><a href=\"https:\/\/www.wydawnictwokobiece.pl\/\" target=\"_blank\" rel=\"noreferrer noopener\">Wydawnictwo Kobiece<\/a><\/p>\n\n\n\n<p>A <a href=\"https:\/\/pasjeoli.pl\/index.php\/2025\/10\/05\/corki-bogini-mokosz-elwira-dresler-janik\/\" target=\"_blank\" rel=\"noreferrer noopener\">TUTAJ<\/a> te\u017c by\u0142a mowa o s\u0142owia\u0144skiej mitologii.<\/p>\n","protected":false},"excerpt":{"rendered":"<p>&#8222;Weles. Opowie\u015bci z podziemia&#8221; to zbi\u00f3r opowiada\u0144 polskich autor\u00f3w po\u015bwi\u0119cony \u015bmierci, Welesowi i mitom s\u0142owia\u0144skim.<\/p>\n","protected":false},"author":1,"featured_media":6394,"comment_status":"closed","ping_status":"closed","sticky":false,"template":"","format":"standard","meta":{"footnotes":""},"categories":[95],"tags":[96],"yoast_head":"<!-- This site is optimized with the Yoast SEO plugin v23.4 - https:\/\/yoast.com\/wordpress\/plugins\/seo\/ -->\n<title>&quot;Weles. Opowie\u015bci z podziemia&quot; - zbi\u00f3r opowiada\u0144 | Pasje Oli<\/title>\n<meta name=\"description\" content=\"&quot;Weles. Opowie\u015bci z podziemia&quot; to zbi\u00f3r opowiada\u0144 polskich autor\u00f3w po\u015bwi\u0119cony \u015bmierci, Welesowi i mitom s\u0142owia\u0144skim.\" \/>\n<meta name=\"robots\" content=\"index, follow, max-snippet:-1, max-image-preview:large, max-video-preview:-1\" \/>\n<link rel=\"canonical\" href=\"https:\/\/pasjeoli.pl\/index.php\/2025\/10\/23\/weles-opowiesci-z-podziemia-zbior-opowiadan\/\" \/>\n<meta property=\"og:locale\" content=\"pl_PL\" \/>\n<meta property=\"og:type\" content=\"article\" \/>\n<meta property=\"og:title\" content=\"&quot;Weles. Opowie\u015bci z podziemia&quot; - zbi\u00f3r opowiada\u0144 | Pasje Oli\" \/>\n<meta property=\"og:description\" content=\"&quot;Weles. Opowie\u015bci z podziemia&quot; to zbi\u00f3r opowiada\u0144 polskich autor\u00f3w po\u015bwi\u0119cony \u015bmierci, Welesowi i mitom s\u0142owia\u0144skim.\" \/>\n<meta property=\"og:url\" content=\"https:\/\/pasjeoli.pl\/index.php\/2025\/10\/23\/weles-opowiesci-z-podziemia-zbior-opowiadan\/\" \/>\n<meta property=\"og:site_name\" content=\"Pasje Oli\" \/>\n<meta property=\"article:publisher\" content=\"https:\/\/www.facebook.com\/PasjOla-Planszowa-104986327782886\" \/>\n<meta property=\"article:author\" content=\"https:\/\/www.facebook.com\/PasjOla-Planszowa-104986327782886\" \/>\n<meta property=\"article:published_time\" content=\"2025-10-23T07:34:28+00:00\" \/>\n<meta property=\"article:modified_time\" content=\"2025-10-23T07:34:29+00:00\" \/>\n<meta property=\"og:image\" content=\"http:\/\/pasjeoli.pl\/wp-content\/uploads\/2025\/10\/Weles-scaled.jpg\" \/>\n\t<meta property=\"og:image:width\" content=\"2560\" \/>\n\t<meta property=\"og:image:height\" content=\"2560\" \/>\n\t<meta property=\"og:image:type\" content=\"image\/jpeg\" \/>\n<meta name=\"author\" content=\"PasjOla\" \/>\n<meta name=\"twitter:card\" content=\"summary_large_image\" \/>\n<meta name=\"twitter:label1\" content=\"Napisane przez\" \/>\n\t<meta name=\"twitter:data1\" content=\"PasjOla\" \/>\n\t<meta name=\"twitter:label2\" content=\"Szacowany czas czytania\" \/>\n\t<meta name=\"twitter:data2\" content=\"2 minuty\" \/>\n<script type=\"application\/ld+json\" class=\"yoast-schema-graph\">{\"@context\":\"https:\/\/schema.org\",\"@graph\":[{\"@type\":\"Article\",\"@id\":\"https:\/\/pasjeoli.pl\/index.php\/2025\/10\/23\/weles-opowiesci-z-podziemia-zbior-opowiadan\/#article\",\"isPartOf\":{\"@id\":\"https:\/\/pasjeoli.pl\/index.php\/2025\/10\/23\/weles-opowiesci-z-podziemia-zbior-opowiadan\/\"},\"author\":{\"name\":\"PasjOla\",\"@id\":\"https:\/\/pasjeoli.pl\/#\/schema\/person\/5170a61426bd1cff4c4c277af668c4ac\"},\"headline\":\"&#8222;Weles. Opowie\u015bci z podziemia&#8221; &#8211; zbi\u00f3r opowiada\u0144\",\"datePublished\":\"2025-10-23T07:34:28+00:00\",\"dateModified\":\"2025-10-23T07:34:29+00:00\",\"mainEntityOfPage\":{\"@id\":\"https:\/\/pasjeoli.pl\/index.php\/2025\/10\/23\/weles-opowiesci-z-podziemia-zbior-opowiadan\/\"},\"wordCount\":360,\"publisher\":{\"@id\":\"https:\/\/pasjeoli.pl\/#\/schema\/person\/5170a61426bd1cff4c4c277af668c4ac\"},\"image\":{\"@id\":\"https:\/\/pasjeoli.pl\/index.php\/2025\/10\/23\/weles-opowiesci-z-podziemia-zbior-opowiadan\/#primaryimage\"},\"thumbnailUrl\":\"https:\/\/pasjeoli.pl\/wp-content\/uploads\/2025\/10\/Weles-scaled.jpg\",\"keywords\":[\"fantastyka\"],\"articleSection\":[\"Z mojej biblioteczki\"],\"inLanguage\":\"pl-PL\"},{\"@type\":\"WebPage\",\"@id\":\"https:\/\/pasjeoli.pl\/index.php\/2025\/10\/23\/weles-opowiesci-z-podziemia-zbior-opowiadan\/\",\"url\":\"https:\/\/pasjeoli.pl\/index.php\/2025\/10\/23\/weles-opowiesci-z-podziemia-zbior-opowiadan\/\",\"name\":\"\\\"Weles. Opowie\u015bci z podziemia\\\" - zbi\u00f3r opowiada\u0144 | Pasje Oli\",\"isPartOf\":{\"@id\":\"https:\/\/pasjeoli.pl\/#website\"},\"primaryImageOfPage\":{\"@id\":\"https:\/\/pasjeoli.pl\/index.php\/2025\/10\/23\/weles-opowiesci-z-podziemia-zbior-opowiadan\/#primaryimage\"},\"image\":{\"@id\":\"https:\/\/pasjeoli.pl\/index.php\/2025\/10\/23\/weles-opowiesci-z-podziemia-zbior-opowiadan\/#primaryimage\"},\"thumbnailUrl\":\"https:\/\/pasjeoli.pl\/wp-content\/uploads\/2025\/10\/Weles-scaled.jpg\",\"datePublished\":\"2025-10-23T07:34:28+00:00\",\"dateModified\":\"2025-10-23T07:34:29+00:00\",\"description\":\"\\\"Weles. Opowie\u015bci z podziemia\\\" to zbi\u00f3r opowiada\u0144 polskich autor\u00f3w po\u015bwi\u0119cony \u015bmierci, Welesowi i mitom s\u0142owia\u0144skim.\",\"breadcrumb\":{\"@id\":\"https:\/\/pasjeoli.pl\/index.php\/2025\/10\/23\/weles-opowiesci-z-podziemia-zbior-opowiadan\/#breadcrumb\"},\"inLanguage\":\"pl-PL\",\"potentialAction\":[{\"@type\":\"ReadAction\",\"target\":[\"https:\/\/pasjeoli.pl\/index.php\/2025\/10\/23\/weles-opowiesci-z-podziemia-zbior-opowiadan\/\"]}]},{\"@type\":\"ImageObject\",\"inLanguage\":\"pl-PL\",\"@id\":\"https:\/\/pasjeoli.pl\/index.php\/2025\/10\/23\/weles-opowiesci-z-podziemia-zbior-opowiadan\/#primaryimage\",\"url\":\"https:\/\/pasjeoli.pl\/wp-content\/uploads\/2025\/10\/Weles-scaled.jpg\",\"contentUrl\":\"https:\/\/pasjeoli.pl\/wp-content\/uploads\/2025\/10\/Weles-scaled.jpg\",\"width\":2560,\"height\":2560,\"caption\":\"\\\"Weles. Opowie\u015bci z podziemia\\\" - zbi\u00f3r opowiada\u0144\"},{\"@type\":\"BreadcrumbList\",\"@id\":\"https:\/\/pasjeoli.pl\/index.php\/2025\/10\/23\/weles-opowiesci-z-podziemia-zbior-opowiadan\/#breadcrumb\",\"itemListElement\":[{\"@type\":\"ListItem\",\"position\":1,\"name\":\"Strona g\u0142\u00f3wna\",\"item\":\"https:\/\/pasjeoli.pl\/\"},{\"@type\":\"ListItem\",\"position\":2,\"name\":\"&#8222;Weles. Opowie\u015bci z podziemia&#8221; &#8211; zbi\u00f3r opowiada\u0144\"}]},{\"@type\":\"WebSite\",\"@id\":\"https:\/\/pasjeoli.pl\/#website\",\"url\":\"https:\/\/pasjeoli.pl\/\",\"name\":\"Pasje Oli\",\"description\":\"Gry planszowe i ksi\u0105\u017cki - opisy, wra\u017cenia, recenzje\",\"publisher\":{\"@id\":\"https:\/\/pasjeoli.pl\/#\/schema\/person\/5170a61426bd1cff4c4c277af668c4ac\"},\"potentialAction\":[{\"@type\":\"SearchAction\",\"target\":{\"@type\":\"EntryPoint\",\"urlTemplate\":\"https:\/\/pasjeoli.pl\/?s={search_term_string}\"},\"query-input\":{\"@type\":\"PropertyValueSpecification\",\"valueRequired\":true,\"valueName\":\"search_term_string\"}}],\"inLanguage\":\"pl-PL\"},{\"@type\":[\"Person\",\"Organization\"],\"@id\":\"https:\/\/pasjeoli.pl\/#\/schema\/person\/5170a61426bd1cff4c4c277af668c4ac\",\"name\":\"PasjOla\",\"image\":{\"@type\":\"ImageObject\",\"inLanguage\":\"pl-PL\",\"@id\":\"https:\/\/pasjeoli.pl\/#\/schema\/person\/image\/\",\"url\":\"https:\/\/pasjeoli.pl\/wp-content\/uploads\/2022\/05\/PasjeOli4.png\",\"contentUrl\":\"https:\/\/pasjeoli.pl\/wp-content\/uploads\/2022\/05\/PasjeOli4.png\",\"width\":500,\"height\":500,\"caption\":\"PasjOla\"},\"logo\":{\"@id\":\"https:\/\/pasjeoli.pl\/#\/schema\/person\/image\/\"},\"description\":\"Jestem Ola, a moj\u0105 pasj\u0105 (no, jedn\u0105 z wielu) s\u0105 plansz\u00f3wki. W \u015bwiecie plansz\u00f3wkowym funkcjonuj\u0119 ponad 10 lat. Wszystko zacz\u0119\u0142o si\u0119 od po\u017cyczania gier od kolegi, a potem trafi\u0142am na jeden z pierwszych Pionk\u00f3w, organizowanych w MDK w Gliwicach. I plansz\u00f3wkowe hobby ca\u0142kowicie mnie wci\u0105gn\u0119\u0142o. Nadal, je\u015bli tylko mog\u0119, to je\u017cd\u017c\u0119 na konwenty, gdzie grywam nie tylko w zapowiedzi wydawnicze. Na Facebook'u wyst\u0119puj\u0119 jako PasjOla Planszowa. Znajdziecie mnie te\u017c na Instagramie jako OlaDanInsta Lubi\u0119 poznawa\u0107 nowe gry, ale ch\u0119tnie te\u017c wracam do starszych, sprawdzonych tytu\u0142\u00f3w, wi\u0119c bawi\u0119 si\u0119 z GRAnatowa Czelend\u017c i dzia\u0142am w kapitule tej grupy. A w 2020 roku do\u0142\u0105czy\u0142am do Kapitu\u0142y przyznaj\u0105cej presti\u017cow\u0105 nagrod\u0119: Planszowa Gra Roku. My\u015bl\u0119, \u017ce jakie\u015b do\u015bwiadczenie w plansz\u00f3wkach mam, wi\u0119c ch\u0119tnie si\u0119 moj\u0105 wiedz\u0105 i przemy\u015bleniami z Wami podziel\u0119. Zapraszam do czytania i komentowania \ud83d\ude0a\",\"sameAs\":[\"http:\/\/pasjeoli.pl\",\"https:\/\/www.facebook.com\/PasjOla-Planszowa-104986327782886\",\"https:\/\/instagram.com\/oladaninsta\"]}]}<\/script>\n<!-- \/ Yoast SEO plugin. -->","yoast_head_json":{"title":"\"Weles. Opowie\u015bci z podziemia\" - zbi\u00f3r opowiada\u0144 | Pasje Oli","description":"\"Weles. Opowie\u015bci z podziemia\" to zbi\u00f3r opowiada\u0144 polskich autor\u00f3w po\u015bwi\u0119cony \u015bmierci, Welesowi i mitom s\u0142owia\u0144skim.","robots":{"index":"index","follow":"follow","max-snippet":"max-snippet:-1","max-image-preview":"max-image-preview:large","max-video-preview":"max-video-preview:-1"},"canonical":"https:\/\/pasjeoli.pl\/index.php\/2025\/10\/23\/weles-opowiesci-z-podziemia-zbior-opowiadan\/","og_locale":"pl_PL","og_type":"article","og_title":"\"Weles. Opowie\u015bci z podziemia\" - zbi\u00f3r opowiada\u0144 | Pasje Oli","og_description":"\"Weles. Opowie\u015bci z podziemia\" to zbi\u00f3r opowiada\u0144 polskich autor\u00f3w po\u015bwi\u0119cony \u015bmierci, Welesowi i mitom s\u0142owia\u0144skim.","og_url":"https:\/\/pasjeoli.pl\/index.php\/2025\/10\/23\/weles-opowiesci-z-podziemia-zbior-opowiadan\/","og_site_name":"Pasje Oli","article_publisher":"https:\/\/www.facebook.com\/PasjOla-Planszowa-104986327782886","article_author":"https:\/\/www.facebook.com\/PasjOla-Planszowa-104986327782886","article_published_time":"2025-10-23T07:34:28+00:00","article_modified_time":"2025-10-23T07:34:29+00:00","og_image":[{"width":2560,"height":2560,"url":"http:\/\/pasjeoli.pl\/wp-content\/uploads\/2025\/10\/Weles-scaled.jpg","type":"image\/jpeg"}],"author":"PasjOla","twitter_card":"summary_large_image","twitter_misc":{"Napisane przez":"PasjOla","Szacowany czas czytania":"2 minuty"},"schema":{"@context":"https:\/\/schema.org","@graph":[{"@type":"Article","@id":"https:\/\/pasjeoli.pl\/index.php\/2025\/10\/23\/weles-opowiesci-z-podziemia-zbior-opowiadan\/#article","isPartOf":{"@id":"https:\/\/pasjeoli.pl\/index.php\/2025\/10\/23\/weles-opowiesci-z-podziemia-zbior-opowiadan\/"},"author":{"name":"PasjOla","@id":"https:\/\/pasjeoli.pl\/#\/schema\/person\/5170a61426bd1cff4c4c277af668c4ac"},"headline":"&#8222;Weles. Opowie\u015bci z podziemia&#8221; &#8211; zbi\u00f3r opowiada\u0144","datePublished":"2025-10-23T07:34:28+00:00","dateModified":"2025-10-23T07:34:29+00:00","mainEntityOfPage":{"@id":"https:\/\/pasjeoli.pl\/index.php\/2025\/10\/23\/weles-opowiesci-z-podziemia-zbior-opowiadan\/"},"wordCount":360,"publisher":{"@id":"https:\/\/pasjeoli.pl\/#\/schema\/person\/5170a61426bd1cff4c4c277af668c4ac"},"image":{"@id":"https:\/\/pasjeoli.pl\/index.php\/2025\/10\/23\/weles-opowiesci-z-podziemia-zbior-opowiadan\/#primaryimage"},"thumbnailUrl":"https:\/\/pasjeoli.pl\/wp-content\/uploads\/2025\/10\/Weles-scaled.jpg","keywords":["fantastyka"],"articleSection":["Z mojej biblioteczki"],"inLanguage":"pl-PL"},{"@type":"WebPage","@id":"https:\/\/pasjeoli.pl\/index.php\/2025\/10\/23\/weles-opowiesci-z-podziemia-zbior-opowiadan\/","url":"https:\/\/pasjeoli.pl\/index.php\/2025\/10\/23\/weles-opowiesci-z-podziemia-zbior-opowiadan\/","name":"\"Weles. Opowie\u015bci z podziemia\" - zbi\u00f3r opowiada\u0144 | Pasje Oli","isPartOf":{"@id":"https:\/\/pasjeoli.pl\/#website"},"primaryImageOfPage":{"@id":"https:\/\/pasjeoli.pl\/index.php\/2025\/10\/23\/weles-opowiesci-z-podziemia-zbior-opowiadan\/#primaryimage"},"image":{"@id":"https:\/\/pasjeoli.pl\/index.php\/2025\/10\/23\/weles-opowiesci-z-podziemia-zbior-opowiadan\/#primaryimage"},"thumbnailUrl":"https:\/\/pasjeoli.pl\/wp-content\/uploads\/2025\/10\/Weles-scaled.jpg","datePublished":"2025-10-23T07:34:28+00:00","dateModified":"2025-10-23T07:34:29+00:00","description":"\"Weles. Opowie\u015bci z podziemia\" to zbi\u00f3r opowiada\u0144 polskich autor\u00f3w po\u015bwi\u0119cony \u015bmierci, Welesowi i mitom s\u0142owia\u0144skim.","breadcrumb":{"@id":"https:\/\/pasjeoli.pl\/index.php\/2025\/10\/23\/weles-opowiesci-z-podziemia-zbior-opowiadan\/#breadcrumb"},"inLanguage":"pl-PL","potentialAction":[{"@type":"ReadAction","target":["https:\/\/pasjeoli.pl\/index.php\/2025\/10\/23\/weles-opowiesci-z-podziemia-zbior-opowiadan\/"]}]},{"@type":"ImageObject","inLanguage":"pl-PL","@id":"https:\/\/pasjeoli.pl\/index.php\/2025\/10\/23\/weles-opowiesci-z-podziemia-zbior-opowiadan\/#primaryimage","url":"https:\/\/pasjeoli.pl\/wp-content\/uploads\/2025\/10\/Weles-scaled.jpg","contentUrl":"https:\/\/pasjeoli.pl\/wp-content\/uploads\/2025\/10\/Weles-scaled.jpg","width":2560,"height":2560,"caption":"\"Weles. Opowie\u015bci z podziemia\" - zbi\u00f3r opowiada\u0144"},{"@type":"BreadcrumbList","@id":"https:\/\/pasjeoli.pl\/index.php\/2025\/10\/23\/weles-opowiesci-z-podziemia-zbior-opowiadan\/#breadcrumb","itemListElement":[{"@type":"ListItem","position":1,"name":"Strona g\u0142\u00f3wna","item":"https:\/\/pasjeoli.pl\/"},{"@type":"ListItem","position":2,"name":"&#8222;Weles. Opowie\u015bci z podziemia&#8221; &#8211; zbi\u00f3r opowiada\u0144"}]},{"@type":"WebSite","@id":"https:\/\/pasjeoli.pl\/#website","url":"https:\/\/pasjeoli.pl\/","name":"Pasje Oli","description":"Gry planszowe i ksi\u0105\u017cki - opisy, wra\u017cenia, recenzje","publisher":{"@id":"https:\/\/pasjeoli.pl\/#\/schema\/person\/5170a61426bd1cff4c4c277af668c4ac"},"potentialAction":[{"@type":"SearchAction","target":{"@type":"EntryPoint","urlTemplate":"https:\/\/pasjeoli.pl\/?s={search_term_string}"},"query-input":{"@type":"PropertyValueSpecification","valueRequired":true,"valueName":"search_term_string"}}],"inLanguage":"pl-PL"},{"@type":["Person","Organization"],"@id":"https:\/\/pasjeoli.pl\/#\/schema\/person\/5170a61426bd1cff4c4c277af668c4ac","name":"PasjOla","image":{"@type":"ImageObject","inLanguage":"pl-PL","@id":"https:\/\/pasjeoli.pl\/#\/schema\/person\/image\/","url":"https:\/\/pasjeoli.pl\/wp-content\/uploads\/2022\/05\/PasjeOli4.png","contentUrl":"https:\/\/pasjeoli.pl\/wp-content\/uploads\/2022\/05\/PasjeOli4.png","width":500,"height":500,"caption":"PasjOla"},"logo":{"@id":"https:\/\/pasjeoli.pl\/#\/schema\/person\/image\/"},"description":"Jestem Ola, a moj\u0105 pasj\u0105 (no, jedn\u0105 z wielu) s\u0105 plansz\u00f3wki. W \u015bwiecie plansz\u00f3wkowym funkcjonuj\u0119 ponad 10 lat. Wszystko zacz\u0119\u0142o si\u0119 od po\u017cyczania gier od kolegi, a potem trafi\u0142am na jeden z pierwszych Pionk\u00f3w, organizowanych w MDK w Gliwicach. I plansz\u00f3wkowe hobby ca\u0142kowicie mnie wci\u0105gn\u0119\u0142o. Nadal, je\u015bli tylko mog\u0119, to je\u017cd\u017c\u0119 na konwenty, gdzie grywam nie tylko w zapowiedzi wydawnicze. Na Facebook'u wyst\u0119puj\u0119 jako PasjOla Planszowa. Znajdziecie mnie te\u017c na Instagramie jako OlaDanInsta Lubi\u0119 poznawa\u0107 nowe gry, ale ch\u0119tnie te\u017c wracam do starszych, sprawdzonych tytu\u0142\u00f3w, wi\u0119c bawi\u0119 si\u0119 z GRAnatowa Czelend\u017c i dzia\u0142am w kapitule tej grupy. A w 2020 roku do\u0142\u0105czy\u0142am do Kapitu\u0142y przyznaj\u0105cej presti\u017cow\u0105 nagrod\u0119: Planszowa Gra Roku. My\u015bl\u0119, \u017ce jakie\u015b do\u015bwiadczenie w plansz\u00f3wkach mam, wi\u0119c ch\u0119tnie si\u0119 moj\u0105 wiedz\u0105 i przemy\u015bleniami z Wami podziel\u0119. Zapraszam do czytania i komentowania \ud83d\ude0a","sameAs":["http:\/\/pasjeoli.pl","https:\/\/www.facebook.com\/PasjOla-Planszowa-104986327782886","https:\/\/instagram.com\/oladaninsta"]}]}},"_links":{"self":[{"href":"https:\/\/pasjeoli.pl\/index.php\/wp-json\/wp\/v2\/posts\/6389"}],"collection":[{"href":"https:\/\/pasjeoli.pl\/index.php\/wp-json\/wp\/v2\/posts"}],"about":[{"href":"https:\/\/pasjeoli.pl\/index.php\/wp-json\/wp\/v2\/types\/post"}],"author":[{"embeddable":true,"href":"https:\/\/pasjeoli.pl\/index.php\/wp-json\/wp\/v2\/users\/1"}],"replies":[{"embeddable":true,"href":"https:\/\/pasjeoli.pl\/index.php\/wp-json\/wp\/v2\/comments?post=6389"}],"version-history":[{"count":11,"href":"https:\/\/pasjeoli.pl\/index.php\/wp-json\/wp\/v2\/posts\/6389\/revisions"}],"predecessor-version":[{"id":6401,"href":"https:\/\/pasjeoli.pl\/index.php\/wp-json\/wp\/v2\/posts\/6389\/revisions\/6401"}],"wp:featuredmedia":[{"embeddable":true,"href":"https:\/\/pasjeoli.pl\/index.php\/wp-json\/wp\/v2\/media\/6394"}],"wp:attachment":[{"href":"https:\/\/pasjeoli.pl\/index.php\/wp-json\/wp\/v2\/media?parent=6389"}],"wp:term":[{"taxonomy":"category","embeddable":true,"href":"https:\/\/pasjeoli.pl\/index.php\/wp-json\/wp\/v2\/categories?post=6389"},{"taxonomy":"post_tag","embeddable":true,"href":"https:\/\/pasjeoli.pl\/index.php\/wp-json\/wp\/v2\/tags?post=6389"}],"curies":[{"name":"wp","href":"https:\/\/api.w.org\/{rel}","templated":true}]}}